{"id":20565,"date":"2015-07-17T18:07:17","date_gmt":"2015-07-17T18:07:17","guid":{"rendered":"http:\/\/wbproducoes.com\/?p=20565"},"modified":"2015-07-29T19:30:20","modified_gmt":"2015-07-29T19:30:20","slug":"maos-ao-alto-2","status":"publish","type":"post","link":"https:\/\/wbproducoes.com\/en\/maos-ao-alto-2\/","title":{"rendered":"M\u00e3os ao alto"},"content":{"rendered":"<div class=\"agenda_completo_box\">\n<p class=\"agenda_completo_data\">23 e 24 de Agosto &#8211; S\u00e1bado \u00e0s 21h e Domingo \u00e0s 19h30 &#8211;\u00a0<a href=\"http:\/\/www.wbproducoes.art.br\/&amp;output=embed\" rel=\"shadowbox;width=640;height=480\">Teatro Universit\u00e1rio &#8211; UFES<\/a><\/p>\n<\/div>\n<div class=\"agenda_completo_box\">\n<p>Ingresso: R$ 40,00 (inteira) e R$ 20,00 (meia)<\/p>\n<p>Descri\u00e7\u00e3o: M\u00e3os ao Alto, ES! \u00e9 uma com\u00e9dia ao estilo nonsense que conta tr\u00eas hist\u00f3rias que s\u00e3o apresentadas de forma n\u00e3o cronol\u00f3gica.<br \/>\nEm uma, conhecemos N\u00e9lio e Manco, dois bandidos semiprofissionais encarregados de buscar uma encomenda para o chefe.<br \/>\nNa outra, Saldanha e Rodrigues, dois policiais hil\u00e1rios que est\u00e3o \u00e0 procura de uma mulher. Por \u00faltimo,<br \/>\nconhecemos os rec\u00e9m-separados Rafy e Flora, a embriagada Reni, seu mimado filho Mariano e a apavorada empregada Oswaldina.<br \/>\nCoincid\u00eancias aparentemente imposs\u00edveis ligam estas hist\u00f3rias e fazem deste emocionante espet\u00e1culo uma experi\u00eancia imperd\u00edvel!<br \/>\nA adapta\u00e7\u00e3o e a dire\u00e7\u00e3o de Fernando Ceyl\u00e3o deram \u00e0 com\u00e9dia um clima cinematogr\u00e1fico, brincando com diversos g\u00eaneros,<br \/>\nindo da s\u00e1tira de filme noir para s\u00e1tira de filme de a\u00e7\u00e3o blockbuster anos 80. As refer\u00eancias ainda passam por Hitchcock,<br \/>\nFred Zinnemann, Tarantino, Corra que a Policia Vem Ai, Woody Allen, Peter Sellers e at\u00e9 seriados como Friends e Simpsons!<br \/>\nJunto com toda essa comicidade h\u00e1 um grande conceito visual<br \/>\ne agilidade nas cenas, remetendo o p\u00fablico \u00e0 est\u00e9tica do cinema.<br \/>\nSuspense, caminhos cruzados, hist\u00f3rias contrapostas e coincid\u00eancias aparentemente\u00a0imposs\u00edveis fazem o final desse espet\u00e1culo surpreendente!<\/p>\n<\/div>\n","protected":false},"excerpt":{"rendered":"<p>23 e 24 de Agosto &#8211; S\u00e1bado \u00e0s 21h e Domingo \u00e0s 19h30 &#8211;\u00a0Teatro Universit\u00e1rio &#8211; UFES Ingresso: R$ 40,00 (inteira) e R$ 20,00 (meia) Descri\u00e7\u00e3o: M\u00e3os ao Alto, ES! \u00e9 uma com\u00e9dia ao estilo nonsense que conta tr\u00eas hist\u00f3rias que s\u00e3o apresentadas de forma n\u00e3o cronol\u00f3gica. Em uma, conhecemos N\u00e9lio e Manco, dois bandidos [&hellip;]<\/p>\n","protected":false},"author":2,"featured_media":20574,"comment_status":"open","ping_status":"open","sticky":false,"template":"","format":"standard","meta":[],"categories":[18,4],"tags":[],"statusdoprojeto":[],"cidadedoespetaculo":[],"acf":[],"_links":{"self":[{"href":"https:\/\/wbproducoes.com\/en\/wp-json\/wp\/v2\/posts\/20565"}],"collection":[{"href":"https:\/\/wbproducoes.com\/en\/wp-json\/wp\/v2\/posts"}],"about":[{"href":"https:\/\/wbproducoes.com\/en\/wp-json\/wp\/v2\/types\/post"}],"author":[{"embeddable":true,"href":"https:\/\/wbproducoes.com\/en\/wp-json\/wp\/v2\/users\/2"}],"replies":[{"embeddable":true,"href":"https:\/\/wbproducoes.com\/en\/wp-json\/wp\/v2\/comments?post=20565"}],"version-history":[{"count":3,"href":"https:\/\/wbproducoes.com\/en\/wp-json\/wp\/v2\/posts\/20565\/revisions"}],"predecessor-version":[{"id":22235,"href":"https:\/\/wbproducoes.com\/en\/wp-json\/wp\/v2\/posts\/20565\/revisions\/22235"}],"wp:featuredmedia":[{"embeddable":true,"href":"https:\/\/wbproducoes.com\/en\/wp-json\/wp\/v2\/media\/20574"}],"wp:attachment":[{"href":"https:\/\/wbproducoes.com\/en\/wp-json\/wp\/v2\/media?parent=20565"}],"wp:term":[{"taxonomy":"category","embeddable":true,"href":"https:\/\/wbproducoes.com\/en\/wp-json\/wp\/v2\/categories?post=20565"},{"taxonomy":"post_tag","embeddable":true,"href":"https:\/\/wbproducoes.com\/en\/wp-json\/wp\/v2\/tags?post=20565"},{"taxonomy":"statusdoprojeto","embeddable":true,"href":"https:\/\/wbproducoes.com\/en\/wp-json\/wp\/v2\/statusdoprojeto?post=20565"},{"taxonomy":"cidadedoespetaculo","embeddable":true,"href":"https:\/\/wbproducoes.com\/en\/wp-json\/wp\/v2\/cidadedoespetaculo?post=20565"}],"curies":[{"name":"wp","href":"https:\/\/api.w.org\/{rel}","templated":true}]}}