{"id":20725,"date":"2015-07-17T20:11:12","date_gmt":"2015-07-17T20:11:12","guid":{"rendered":"http:\/\/wbproducoes.com\/?p=20725"},"modified":"2015-08-26T13:41:50","modified_gmt":"2015-08-26T13:41:50","slug":"de-tudo-um-pouco-com-rafael-cortez","status":"publish","type":"post","link":"https:\/\/wbproducoes.com\/en\/de-tudo-um-pouco-com-rafael-cortez\/","title":{"rendered":"De Tudo um Pouco com Rafael Cortez"},"content":{"rendered":"<div class=\"agenda_completo_box\">\n<p class=\"agenda_completo_data\">04 e 05 de Maio, S\u00e1bado \u00e0s 21h e Domingo \u00e0s 19h &#8211;\u00a0<a href=\"http:\/\/www.wbproducoes.art.br\/&amp;output=embed\" rel=\"shadowbox;width=640;height=480\">Teatro Carlos Gomes<\/a><\/p>\n<\/div>\n<div class=\"agenda_completo_box\">\n<div class=\"agenda_completo_box\">\n<p class=\"agenda_completo_desc\">Elenco: Rafael Cortez<br \/>\nG\u00eanero: Stand-up<br \/>\nDura\u00e7\u00e3o: 60min.<\/p>\n<\/div>\n<div class=\"agenda_completo_box\">\n<p class=\"agenda_completo_preco\">Ingressos: R$ 60,00 (Inteira) e R$ 30,00 (Meia)<\/p>\n<\/div>\n<div class=\"agenda_completo_box\">\n<p class=\"agenda_completo_desc\">O show de humor &#8220;De Tudo Um Pouco&#8221; estreou em 2009 com um formato totalmente diferente do que \u00e9 apresentado hoje. A produ\u00e7\u00e3o em Macei\u00f3 foi a primeira de muitas em que o espet\u00e1culo foi tomando uma linha, mas sem nunca ter um texto fechado. At\u00e9 hoje o artista incorpora novas linguagens e id\u00e9ias ao roteiro de cada apresenta\u00e7\u00e3o, que \u00e9 decidido poucos minutos antes do artista subir ao palco. O t\u00edtulo do espet\u00e1culo tem a ver com a personalidade multifacetada de Cortez que, al\u00e9m de ator, tamb\u00e9m \u00e9 apresentador, jornalista, produtor e m\u00fasico. No palco, ele interage com o\u00a0p\u00fablico, improvisa, conta hist\u00f3rias e\u00a0toca m\u00fasicas ao\u00a0viol\u00e3o, explorando\u00a0diversas possibilidades c\u00f4micas.<br \/>\nMeia entrada para estudantes, idosos acima de 60 anos, jornalistas, doadores desangue e professores da rede p\u00fablica de Vit\u00f3ria.<br \/>\nAssinantes do jornal A Gazeta tem 50% de desconto em cima do valor da inteira ( ate dois ingressos por cliente).<br \/>\nInforma\u00e7\u00f5es: 27 3132-8398 \/ 27 3132-8399 \/ 27 7812-8388.<\/p>\n<\/div>\n<\/div>\n","protected":false},"excerpt":{"rendered":"<p>04 e 05 de Maio, S\u00e1bado \u00e0s 21h e Domingo \u00e0s 19h &#8211;\u00a0Teatro Carlos Gomes Elenco: Rafael Cortez G\u00eanero: Stand-up Dura\u00e7\u00e3o: 60min. Ingressos: R$ 60,00 (Inteira) e R$ 30,00 (Meia) O show de humor &#8220;De Tudo Um Pouco&#8221; estreou em 2009 com um formato totalmente diferente do que \u00e9 apresentado hoje. A produ\u00e7\u00e3o em Macei\u00f3 [&hellip;]<\/p>\n","protected":false},"author":2,"featured_media":20729,"comment_status":"open","ping_status":"open","sticky":false,"template":"","format":"standard","meta":[],"categories":[4],"tags":[],"statusdoprojeto":[],"cidadedoespetaculo":[],"acf":[],"_links":{"self":[{"href":"https:\/\/wbproducoes.com\/en\/wp-json\/wp\/v2\/posts\/20725"}],"collection":[{"href":"https:\/\/wbproducoes.com\/en\/wp-json\/wp\/v2\/posts"}],"about":[{"href":"https:\/\/wbproducoes.com\/en\/wp-json\/wp\/v2\/types\/post"}],"author":[{"embeddable":true,"href":"https:\/\/wbproducoes.com\/en\/wp-json\/wp\/v2\/users\/2"}],"replies":[{"embeddable":true,"href":"https:\/\/wbproducoes.com\/en\/wp-json\/wp\/v2\/comments?post=20725"}],"version-history":[{"count":3,"href":"https:\/\/wbproducoes.com\/en\/wp-json\/wp\/v2\/posts\/20725\/revisions"}],"predecessor-version":[{"id":22278,"href":"https:\/\/wbproducoes.com\/en\/wp-json\/wp\/v2\/posts\/20725\/revisions\/22278"}],"wp:featuredmedia":[{"embeddable":true,"href":"https:\/\/wbproducoes.com\/en\/wp-json\/wp\/v2\/media\/20729"}],"wp:attachment":[{"href":"https:\/\/wbproducoes.com\/en\/wp-json\/wp\/v2\/media?parent=20725"}],"wp:term":[{"taxonomy":"category","embeddable":true,"href":"https:\/\/wbproducoes.com\/en\/wp-json\/wp\/v2\/categories?post=20725"},{"taxonomy":"post_tag","embeddable":true,"href":"https:\/\/wbproducoes.com\/en\/wp-json\/wp\/v2\/tags?post=20725"},{"taxonomy":"statusdoprojeto","embeddable":true,"href":"https:\/\/wbproducoes.com\/en\/wp-json\/wp\/v2\/statusdoprojeto?post=20725"},{"taxonomy":"cidadedoespetaculo","embeddable":true,"href":"https:\/\/wbproducoes.com\/en\/wp-json\/wp\/v2\/cidadedoespetaculo?post=20725"}],"curies":[{"name":"wp","href":"https:\/\/api.w.org\/{rel}","templated":true}]}}