{"id":20747,"date":"2015-07-17T20:25:01","date_gmt":"2015-07-17T20:25:01","guid":{"rendered":"http:\/\/wbproducoes.com\/?p=20747"},"modified":"2015-07-29T21:07:43","modified_gmt":"2015-07-29T21:07:43","slug":"a-arte-do-insulto","status":"publish","type":"post","link":"https:\/\/wbproducoes.com\/en\/a-arte-do-insulto\/","title":{"rendered":"A Arte do Insulto"},"content":{"rendered":"<div class=\"agenda_completo_box\">\n<p class=\"agenda_completo_data\">21 e 22 de Agosto &#8211; S\u00e1bado \u00e0s 19h e 21h30 e Domingo \u00e0s 19h &#8211;\u00a0<a href=\"http:\/\/www.wbproducoes.art.br\/&amp;output=embed\" rel=\"shadowbox;width=640;height=480\">Teatro Universit\u00e1rio &#8211; UFES<\/a><\/p>\n<\/div>\n<div class=\"agenda_completo_box\">\n<p class=\"agenda_completo_desc\">Elenco: Rafinha Bastos<br \/>\nDescri\u00e7\u00e3o:\u00a0No espet\u00e1culo que o projetou, Rafinha destila humor e muita pol\u00eamica.<br \/>\nO ator judeu e ga\u00facho n\u00e3o poupa as pr\u00f3prias ra\u00edzes e em cima de um palco, apenas um microfone, um banco, muito sarcasmo e ironia.<br \/>\nRafinha Bastos diz o que pensa, em um show sem frescura, sem censura e sem limite.<\/p>\n<\/div>\n","protected":false},"excerpt":{"rendered":"<p>21 e 22 de Agosto &#8211; S\u00e1bado \u00e0s 19h e 21h30 e Domingo \u00e0s 19h &#8211;\u00a0Teatro Universit\u00e1rio &#8211; UFES Elenco: Rafinha Bastos Descri\u00e7\u00e3o:\u00a0No espet\u00e1culo que o projetou, Rafinha destila humor e muita pol\u00eamica. O ator judeu e ga\u00facho n\u00e3o poupa as pr\u00f3prias ra\u00edzes e em cima de um palco, apenas um microfone, um banco, muito [&hellip;]<\/p>\n","protected":false},"author":2,"featured_media":20752,"comment_status":"open","ping_status":"open","sticky":false,"template":"","format":"standard","meta":[],"categories":[16,4],"tags":[],"statusdoprojeto":[],"cidadedoespetaculo":[],"acf":[],"_links":{"self":[{"href":"https:\/\/wbproducoes.com\/en\/wp-json\/wp\/v2\/posts\/20747"}],"collection":[{"href":"https:\/\/wbproducoes.com\/en\/wp-json\/wp\/v2\/posts"}],"about":[{"href":"https:\/\/wbproducoes.com\/en\/wp-json\/wp\/v2\/types\/post"}],"author":[{"embeddable":true,"href":"https:\/\/wbproducoes.com\/en\/wp-json\/wp\/v2\/users\/2"}],"replies":[{"embeddable":true,"href":"https:\/\/wbproducoes.com\/en\/wp-json\/wp\/v2\/comments?post=20747"}],"version-history":[{"count":3,"href":"https:\/\/wbproducoes.com\/en\/wp-json\/wp\/v2\/posts\/20747\/revisions"}],"predecessor-version":[{"id":22284,"href":"https:\/\/wbproducoes.com\/en\/wp-json\/wp\/v2\/posts\/20747\/revisions\/22284"}],"wp:featuredmedia":[{"embeddable":true,"href":"https:\/\/wbproducoes.com\/en\/wp-json\/wp\/v2\/media\/20752"}],"wp:attachment":[{"href":"https:\/\/wbproducoes.com\/en\/wp-json\/wp\/v2\/media?parent=20747"}],"wp:term":[{"taxonomy":"category","embeddable":true,"href":"https:\/\/wbproducoes.com\/en\/wp-json\/wp\/v2\/categories?post=20747"},{"taxonomy":"post_tag","embeddable":true,"href":"https:\/\/wbproducoes.com\/en\/wp-json\/wp\/v2\/tags?post=20747"},{"taxonomy":"statusdoprojeto","embeddable":true,"href":"https:\/\/wbproducoes.com\/en\/wp-json\/wp\/v2\/statusdoprojeto?post=20747"},{"taxonomy":"cidadedoespetaculo","embeddable":true,"href":"https:\/\/wbproducoes.com\/en\/wp-json\/wp\/v2\/cidadedoespetaculo?post=20747"}],"curies":[{"name":"wp","href":"https:\/\/api.w.org\/{rel}","templated":true}]}}