{"id":21249,"date":"2015-07-20T18:54:01","date_gmt":"2015-07-20T18:54:01","guid":{"rendered":"http:\/\/wbproducoes.com\/?p=21249"},"modified":"2015-07-29T13:31:39","modified_gmt":"2015-07-29T13:31:39","slug":"meu-passado-nao-me-condena-3","status":"publish","type":"post","link":"https:\/\/wbproducoes.com\/en\/meu-passado-nao-me-condena-3\/","title":{"rendered":"Meu Passado N\u00e3o Me Condena"},"content":{"rendered":"<div class=\"agenda_completo_box\">\n<p class=\"agenda_completo_data\">17 e 18 de agosto &#8211; S\u00e1bado \u00e0s 21h e Domingo \u00e0s 19h &#8211;\u00a0<a href=\"http:\/\/www.wbproducoes.art.br\/&amp;output=embed\" rel=\"shadowbox;width=640;height=480\">Theatro Carlos Gomes<\/a><\/p>\n<\/div>\n<div class=\"agenda_completo_box\">\n<p class=\"agenda_completo_desc\">Dire\u00e7\u00e3o: Michel Bercovitch<br \/>\nElenco: Fernanda Souza<br \/>\nG\u00eanero: Com\u00e9dia<br \/>\nDura\u00e7\u00e3o: 60min.<\/p>\n<p><strong>Ingressos: R$70,00 (inteira) e R$ 35,00(meia)<\/strong><\/p>\n<p>Descri\u00e7\u00e3o: &#8220;Meu passado n\u00e3o me condena&#8221; \u00e9 uma com\u00e9dia onde a atriz resolveu abrir a sua vida, suas mem\u00f3rias e seus personagens e ao lado do amigo e produtor L\u00e9o Fuchs resolveram teatralizar e dar vida a todas essas lembran\u00e7as. Numa mistura de &#8220;stand up moderno e inovador&#8221;, a atriz com muito jogo de cintura, consegue fazer com que a plateia sejam coadjuvantes da sua pr\u00f3pria hist\u00f3ria. 60 minutos de puro entretenimento , onde humor e emo\u00e7\u00e3o se misturam fazendo com que o p\u00fablico saia do teatro com a seguinte quest\u00e3o: ser\u00e1 que nosso passado nos condena?<br \/>\nMeia para estudantes, idosos, jornalistas, doadores de sangue e professores<\/p>\n<p>Assinante A GAZETA tem 50% de desconto em cima do valor da inteira ( ate dois ingressos por cliente)<br \/>\nInf: <a href=\"http:\/\/www.wbproducoes.art.br\/\">www.wbproducoes.com<\/a> (27)3132-8398\/ 3132-8399 ou (27)7812-1961<\/p>\n<\/div>\n","protected":false},"excerpt":{"rendered":"<p>17 e 18 de agosto &#8211; S\u00e1bado \u00e0s 21h e Domingo \u00e0s 19h &#8211;\u00a0Theatro Carlos Gomes Dire\u00e7\u00e3o: Michel Bercovitch Elenco: Fernanda Souza G\u00eanero: Com\u00e9dia Dura\u00e7\u00e3o: 60min. Ingressos: R$70,00 (inteira) e R$ 35,00(meia) Descri\u00e7\u00e3o: &#8220;Meu passado n\u00e3o me condena&#8221; \u00e9 uma com\u00e9dia onde a atriz resolveu abrir a sua vida, suas mem\u00f3rias e seus personagens e [&hellip;]<\/p>\n","protected":false},"author":2,"featured_media":21254,"comment_status":"open","ping_status":"open","sticky":false,"template":"","format":"standard","meta":[],"categories":[9,4],"tags":[],"statusdoprojeto":[],"cidadedoespetaculo":[],"acf":[],"_links":{"self":[{"href":"https:\/\/wbproducoes.com\/en\/wp-json\/wp\/v2\/posts\/21249"}],"collection":[{"href":"https:\/\/wbproducoes.com\/en\/wp-json\/wp\/v2\/posts"}],"about":[{"href":"https:\/\/wbproducoes.com\/en\/wp-json\/wp\/v2\/types\/post"}],"author":[{"embeddable":true,"href":"https:\/\/wbproducoes.com\/en\/wp-json\/wp\/v2\/users\/2"}],"replies":[{"embeddable":true,"href":"https:\/\/wbproducoes.com\/en\/wp-json\/wp\/v2\/comments?post=21249"}],"version-history":[{"count":3,"href":"https:\/\/wbproducoes.com\/en\/wp-json\/wp\/v2\/posts\/21249\/revisions"}],"predecessor-version":[{"id":22113,"href":"https:\/\/wbproducoes.com\/en\/wp-json\/wp\/v2\/posts\/21249\/revisions\/22113"}],"wp:featuredmedia":[{"embeddable":true,"href":"https:\/\/wbproducoes.com\/en\/wp-json\/wp\/v2\/media\/21254"}],"wp:attachment":[{"href":"https:\/\/wbproducoes.com\/en\/wp-json\/wp\/v2\/media?parent=21249"}],"wp:term":[{"taxonomy":"category","embeddable":true,"href":"https:\/\/wbproducoes.com\/en\/wp-json\/wp\/v2\/categories?post=21249"},{"taxonomy":"post_tag","embeddable":true,"href":"https:\/\/wbproducoes.com\/en\/wp-json\/wp\/v2\/tags?post=21249"},{"taxonomy":"statusdoprojeto","embeddable":true,"href":"https:\/\/wbproducoes.com\/en\/wp-json\/wp\/v2\/statusdoprojeto?post=21249"},{"taxonomy":"cidadedoespetaculo","embeddable":true,"href":"https:\/\/wbproducoes.com\/en\/wp-json\/wp\/v2\/cidadedoespetaculo?post=21249"}],"curies":[{"name":"wp","href":"https:\/\/api.w.org\/{rel}","templated":true}]}}