{"id":21299,"date":"2015-07-20T19:41:20","date_gmt":"2015-07-20T19:41:20","guid":{"rendered":"http:\/\/wbproducoes.com\/?p=21299"},"modified":"2019-09-02T17:53:45","modified_gmt":"2019-09-02T17:53:45","slug":"do-tamanho-do-mundo-2","status":"publish","type":"post","link":"https:\/\/wbproducoes.com\/en\/do-tamanho-do-mundo-2\/","title":{"rendered":"Do Tamanho do Mundo"},"content":{"rendered":"<div class=\"agenda_completo_box\">\n<p class=\"agenda_completo_data\">09 e 10 de novembro &#8211;\u00a0<a href=\"http:\/\/www.wbproducoes.art.br\/&amp;output=embed\" rel=\"shadowbox;width=640;height=480\">Teatro Universit\u00e1rio<\/a><\/p>\n<\/div>\n<div class=\"agenda_completo_box\">\n<div align=\"center\">\n<p style=\"text-align: left;\"><strong><em>DO TAMANHO DO MUNDO<\/em><\/strong><\/p>\n<p style=\"text-align: left;\"><strong>Com Mateus Solano e elenco<\/strong><\/p>\n<p style=\"text-align: left;\"><strong>Local: Teatro Universit\u00e1rio <\/strong>(Av. Fernando Ferrari, s\/n, Ufes, Campus Universit\u00e1rio de Goiabeiras, Vit\u00f3ria, ES)<\/p>\n<p style=\"text-align: left;\">Dias:<strong> 09 e 10 de novembro<br \/>\n<\/strong>Hor\u00e1rios:<strong>\u00a0 S\u00e1bado as 19 hs e Domingo as 19h<br \/>\n<\/strong>Dura\u00e7\u00e3o:<strong> 80 minutos<br \/>\n<\/strong>Classifica\u00e7\u00e3o indicativa:<strong> Livre<br \/>\n<\/strong>G\u00eanero: Com\u00e9dia<\/p>\n<p style=\"text-align: left;\">Ingressos: R$ 90,00 (inteira) e R$ 45,00 (meia) ( Terreo) e R$ 80,00 e R$ 40,00 ( Mezanino)<br \/>\n*Meia-entrada: Clientes Unimed Vit\u00f3ria, Unimed Seguros e\u00a0 Assinantes do Jornal A Gazeta t\u00eam desconto de 50% no valor da inteira (at\u00e9 dois ingressos por cliente). Estudantes e idosos acima de 60 anos tamb\u00e9m pagam meia-entrada.<br \/>\nVendas: bilheteria do teatro (das 15h \u00e0s 20h) e no\u00a0<a href=\"http:\/\/www.ingresso.com\/\">www.ingresso.com<\/a>.<br \/>\nInforma\u00e7\u00f5es: 3335 2953 | 7812 1961 |\u00a0<a href=\"http:\/\/www.wbproducoes.art.br\/\">http:\/\/www.wbproducoes.com<\/a>.<\/p>\n<\/div>\n<\/div>\n","protected":false},"excerpt":{"rendered":"<p>09 e 10 de novembro &#8211;\u00a0Teatro Universit\u00e1rio DO TAMANHO DO MUNDO Com Mateus Solano e elenco Local: Teatro Universit\u00e1rio (Av. Fernando Ferrari, s\/n, Ufes, Campus Universit\u00e1rio de Goiabeiras, Vit\u00f3ria, ES) Dias: 09 e 10 de novembro Hor\u00e1rios:\u00a0 S\u00e1bado as 19 hs e Domingo as 19h Dura\u00e7\u00e3o: 80 minutos Classifica\u00e7\u00e3o indicativa: Livre G\u00eanero: Com\u00e9dia Ingressos: R$ [&hellip;]<\/p>\n","protected":false},"author":2,"featured_media":21303,"comment_status":"open","ping_status":"open","sticky":false,"template":"","format":"standard","meta":[],"categories":[9,4],"tags":[],"statusdoprojeto":[],"cidadedoespetaculo":[],"acf":[],"_links":{"self":[{"href":"https:\/\/wbproducoes.com\/en\/wp-json\/wp\/v2\/posts\/21299"}],"collection":[{"href":"https:\/\/wbproducoes.com\/en\/wp-json\/wp\/v2\/posts"}],"about":[{"href":"https:\/\/wbproducoes.com\/en\/wp-json\/wp\/v2\/types\/post"}],"author":[{"embeddable":true,"href":"https:\/\/wbproducoes.com\/en\/wp-json\/wp\/v2\/users\/2"}],"replies":[{"embeddable":true,"href":"https:\/\/wbproducoes.com\/en\/wp-json\/wp\/v2\/comments?post=21299"}],"version-history":[{"count":4,"href":"https:\/\/wbproducoes.com\/en\/wp-json\/wp\/v2\/posts\/21299\/revisions"}],"predecessor-version":[{"id":46944,"href":"https:\/\/wbproducoes.com\/en\/wp-json\/wp\/v2\/posts\/21299\/revisions\/46944"}],"wp:featuredmedia":[{"embeddable":true,"href":"https:\/\/wbproducoes.com\/en\/wp-json\/wp\/v2\/media\/21303"}],"wp:attachment":[{"href":"https:\/\/wbproducoes.com\/en\/wp-json\/wp\/v2\/media?parent=21299"}],"wp:term":[{"taxonomy":"category","embeddable":true,"href":"https:\/\/wbproducoes.com\/en\/wp-json\/wp\/v2\/categories?post=21299"},{"taxonomy":"post_tag","embeddable":true,"href":"https:\/\/wbproducoes.com\/en\/wp-json\/wp\/v2\/tags?post=21299"},{"taxonomy":"statusdoprojeto","embeddable":true,"href":"https:\/\/wbproducoes.com\/en\/wp-json\/wp\/v2\/statusdoprojeto?post=21299"},{"taxonomy":"cidadedoespetaculo","embeddable":true,"href":"https:\/\/wbproducoes.com\/en\/wp-json\/wp\/v2\/cidadedoespetaculo?post=21299"}],"curies":[{"name":"wp","href":"https:\/\/api.w.org\/{rel}","templated":true}]}}