{"id":21467,"date":"2015-07-21T13:23:57","date_gmt":"2015-07-21T13:23:57","guid":{"rendered":"http:\/\/wbproducoes.com\/?p=21467"},"modified":"2015-07-28T18:53:46","modified_gmt":"2015-07-28T18:53:46","slug":"a-toca-do-coelho-2","status":"publish","type":"post","link":"https:\/\/wbproducoes.com\/en\/a-toca-do-coelho-2\/","title":{"rendered":"A Toca do Coelho"},"content":{"rendered":"<div class=\"agenda_completo_box\">\n<p class=\"agenda_completo_data\">16 e 17 de agosto &#8211;\u00a0<a href=\"http:\/\/www.wbproducoes.art.br\/&amp;output=embed\" rel=\"shadowbox;width=640;height=480\">Teatro Universit\u00e1rio<\/a><\/p>\n<\/div>\n<div class=\"agenda_completo_box\">\n<div style=\"text-align: left;\" align=\"center\"><strong><strong>6 EDI\u00c7\u00c3O DO CIRCUITO UNIMED DE TEATRO APRESENTAM:<\/strong><\/strong>\u00a0<strong>O PREMIADO \u201cA TOCA DO COELHO\u201d DE DAVID LINDSAY-ABAIRE TRAZ GIANECCHINI, BARBARA PAZ, NEUZA MARIA FARO, SIMONE ZUCATO E FELIPE HINTZE NO ELENCO E MARCA A ESTREIA DE DAN STULBACH NA DIRE\u00c7\u00c3O<\/strong><em><em>Texto sobre um drama familiar deu ao autor americano o pr\u00eamio Pulitzer 2007 e v\u00e1rias nomea\u00e7\u00f5es ao Tony em 2008<\/em><\/em><\/p>\n<\/div>\n<div style=\"text-align: left;\" align=\"center\">\n<p>\u00a0Um texto contempor\u00e2neo sobre perda, culpa, dor e tamb\u00e9m supera\u00e7\u00e3o, recome\u00e7o e perd\u00e3o. A montagem in\u00e9dita no Brasil de \u201cA toca do coelho\u201d mostra o drama de uma fam\u00edlia atingida por uma trag\u00e9dia que ir\u00e1 reconfigurar as rela\u00e7\u00f5es e tra\u00e7ar um novo caminho para todos os envolvidos. Trazendo na dire\u00e7\u00e3o Dan Stulbach, conhecido principalmente por seu trabalho como ator, onde j\u00e1 ganhou pr\u00eamio Shell e APCA por seu desempenho nos palcos, o projeto marca a estreia dele como encenador. Com Reynaldo Gianecchini,Barbara Paz,Neuza Maria Faro, Simone Zucato e Felipe Hintze no elenco, ap\u00f3s uma temporada de sucesso em S\u00e3o Paulo no Teatro Faap e no Rio de Janeiro, no Teatro Leblon \u2013 sala Fernanda Montenegro, o espet\u00e1culo inicia sua turn\u00ea pela principais capitais brasileiras e chega em Vit\u00f3ria em agosto.<\/p>\n<p>Grande sucesso na Broadway, \u201cA toca do coelho\u201d foi escolhido melhor texto no seu ano de estreia. Na ocasi\u00e3o, a atriz Cynthia Nixon &#8211; de<em>Sex in The City<\/em> \u2013 recebeu o Pr\u00eamio Tony de melhor atriz pela encena\u00e7\u00e3o da personagem Becca. Em 2010, Nicole Kidman convenceu o autor a roteirizar <em>Rabbit Hole<\/em> para o cinema e concorreu ao Oscar como melhor atriz por sua atua\u00e7\u00e3o como Beca em 2011. No Brasil o filme recebeu o nome \u201cReencontrando a Felicidade\u201d. A montagem brasileira foi contemplada com\u00a0 pr\u00eamio\u00a0 Qualidade Brasil 2013 de melhor atriz de Drama para Maria Fernanda C\u00e2ndido.<\/p>\n<\/div>\n<p>David Lindsay Abaire \u00e9 um consagrado escritor e letrista americano. Com <em>Rabbit Hole<\/em> &#8211; <em>A Toca do Coelho<\/em> &#8211; ele ganhou o pr\u00eamio Pulitzer de 2007 e v\u00e1rias nomea\u00e7\u00f5es ao Tony em 2008 pela montagem teatral. Formado em artes c\u00eanicas, David, logo ap\u00f3s se formar, foi aceito para fazer parte do Programa para Escritores na Julliard School, em Nova Iorque. Autor do livro do Shrek, o Musical e letrista das can\u00e7\u00f5es do mesmo, al\u00e9m de v\u00e1rios outros textos teatrais, recentemente David escreveu o roteiro do filme <em>Rise of the Guardians<\/em> para a Dream Works.<\/p>\n<p>Simone Zucato, idealizadora e produtora do projeto, juntamente com Valdir Archanjo e Bira Saide, escolheu, adaptou e traduziu o texto de Lindsay-Abaire. Simone, que na pe\u00e7a interpreta Isa, foi quem convidou Dan Stulbach e o elenco, \u201cFiquei atr\u00e1s de um texto por 2 anos e quando li <em>A toca do coelho <\/em>tive certeza que era o que eu estava procurando. Depois disso foi uma luta para conseguir comprar os direitos e montar o espet\u00e1culo\u201d, conta.<\/p>\n<p>A pe\u00e7a se passa na casa dos Corbett. Beca (Barbara Paz) e Paulo Corbett (Reynaldo Gianecchini) precisam retornar \u00e0 sua exist\u00eancia cotidiana, ap\u00f3s uma perda, chocante e s\u00fabita. Oito meses antes, eles eram uma fam\u00edlia feliz com tudo que queriam. Agora, eles est\u00e3o presos em um labirinto de mem\u00f3rias, desejos, culpas, recrimina\u00e7\u00f5es e raiva, e seguem caminhos opostos neste labirinto. Enquanto Beca encontra dor nas lembran\u00e7as familiares, Paulo encontra conforto. Beca tenta lidar com as quest\u00f5es familiares com sua irm\u00e3, Isa e sua m\u00e3e, e estende a m\u00e3o para o adolescente envolvido no acidente que provocou todas as mudan\u00e7as em suas vidas. O casal tenta reencontrar o seu caminho de volta para uma vida que ainda tem potencial para o riso, a beleza e a felicidade.<\/p>\n<p>O resultado desta jornada \u00e9 uma vis\u00e3o intimista dos dois que precisam reaprender a se envolver um com o outro. Assim, perdidos em seu sofrimento, os Corbett fazem escolhas surpreendentes para seu futuro.<\/p>\n<p>Para a encena\u00e7\u00e3o o cen\u00e1rio \u2018clean\u2019 e sugestivo de Andr\u00e9 Cortez, mostra abertamente a casa da fam\u00edlia e tem quase todos os c\u00f4modos. \u201cN\u00e3o \u00e9 uma casa realista, \u00e9 poss\u00edvel ver entre as paredes. Quem est\u00e1 na plateia pode se sentir dentro da casa, parte da fam\u00edlia\u201d, explica Zucato. Completam a ficha t\u00e9cnica Marisa Bentivegna no Desenho de Luz, Adriana Hitomi assinando os figurinos e Daniel Maia, respons\u00e1vel pela trilha sonora original e Composta.<\/p>\n<p>SERVI\u00c7O<\/p>\n<p>CIRCUITO UNIMED DE TEATRO<\/p>\n<p><strong>A Toca do Coelho<br \/>\n<\/strong>Dire\u00e7\u00e3o: Dan Stulbach<br \/>\nElenco: Barbara Paz,\u00a0Reynaldo Gianecchini,\u00a0Neuza Maria Faro,\u00a0Simone Zucato, e Felipe Hintze<br \/>\nClassifica\u00e7\u00e3o: 12 anos<br \/>\nDura\u00e7\u00e3o: 110 minutos<br \/>\nGenero: Drama<\/p>\n<\/div>\n","protected":false},"excerpt":{"rendered":"<p>16 e 17 de agosto &#8211;\u00a0Teatro Universit\u00e1rio 6 EDI\u00c7\u00c3O DO CIRCUITO UNIMED DE TEATRO APRESENTAM:\u00a0O PREMIADO \u201cA TOCA DO COELHO\u201d DE DAVID LINDSAY-ABAIRE TRAZ GIANECCHINI, BARBARA PAZ, NEUZA MARIA FARO, SIMONE ZUCATO E FELIPE HINTZE NO ELENCO E MARCA A ESTREIA DE DAN STULBACH NA DIRE\u00c7\u00c3OTexto sobre um drama familiar deu ao autor americano o [&hellip;]<\/p>\n","protected":false},"author":2,"featured_media":21475,"comment_status":"open","ping_status":"open","sticky":false,"template":"","format":"standard","meta":[],"categories":[10,4],"tags":[],"statusdoprojeto":[],"cidadedoespetaculo":[],"acf":[],"_links":{"self":[{"href":"https:\/\/wbproducoes.com\/en\/wp-json\/wp\/v2\/posts\/21467"}],"collection":[{"href":"https:\/\/wbproducoes.com\/en\/wp-json\/wp\/v2\/posts"}],"about":[{"href":"https:\/\/wbproducoes.com\/en\/wp-json\/wp\/v2\/types\/post"}],"author":[{"embeddable":true,"href":"https:\/\/wbproducoes.com\/en\/wp-json\/wp\/v2\/users\/2"}],"replies":[{"embeddable":true,"href":"https:\/\/wbproducoes.com\/en\/wp-json\/wp\/v2\/comments?post=21467"}],"version-history":[{"count":3,"href":"https:\/\/wbproducoes.com\/en\/wp-json\/wp\/v2\/posts\/21467\/revisions"}],"predecessor-version":[{"id":22049,"href":"https:\/\/wbproducoes.com\/en\/wp-json\/wp\/v2\/posts\/21467\/revisions\/22049"}],"wp:featuredmedia":[{"embeddable":true,"href":"https:\/\/wbproducoes.com\/en\/wp-json\/wp\/v2\/media\/21475"}],"wp:attachment":[{"href":"https:\/\/wbproducoes.com\/en\/wp-json\/wp\/v2\/media?parent=21467"}],"wp:term":[{"taxonomy":"category","embeddable":true,"href":"https:\/\/wbproducoes.com\/en\/wp-json\/wp\/v2\/categories?post=21467"},{"taxonomy":"post_tag","embeddable":true,"href":"https:\/\/wbproducoes.com\/en\/wp-json\/wp\/v2\/tags?post=21467"},{"taxonomy":"statusdoprojeto","embeddable":true,"href":"https:\/\/wbproducoes.com\/en\/wp-json\/wp\/v2\/statusdoprojeto?post=21467"},{"taxonomy":"cidadedoespetaculo","embeddable":true,"href":"https:\/\/wbproducoes.com\/en\/wp-json\/wp\/v2\/cidadedoespetaculo?post=21467"}],"curies":[{"name":"wp","href":"https:\/\/api.w.org\/{rel}","templated":true}]}}