{"id":21477,"date":"2015-07-21T13:27:43","date_gmt":"2015-07-21T13:27:43","guid":{"rendered":"http:\/\/wbproducoes.com\/?p=21477"},"modified":"2015-07-28T18:46:54","modified_gmt":"2015-07-28T18:46:54","slug":"7-conto-a-comedia-3","status":"publish","type":"post","link":"https:\/\/wbproducoes.com\/en\/7-conto-a-comedia-3\/","title":{"rendered":"7 Conto a Com\u00e9dia"},"content":{"rendered":"<div class=\"agenda_completo_box\">\n<p class=\"agenda_completo_data\">23 e 24 de Agosto &#8211;\u00a0<a href=\"http:\/\/www.wbproducoes.art.br\/&amp;output=embed\" rel=\"shadowbox;width=640;height=480\">Teatro Universit\u00e1rios UFES<\/a><\/p>\n<\/div>\n<div class=\"agenda_completo_box\">\n<p style=\"text-align: left;\" align=\"center\"><strong>Sucesso na novela Gera\u00e7\u00e3o Brasil como a personagem Dorothy Benson Luis Miranda chega em Vit\u00f3ria com o seu espet\u00e1culo 7 CONTO A COM\u00c9DIA.<br \/>\n<\/strong><\/p>\n<p><span data-mce-mark=\"1\">\u00c9 poss\u00edvel falar sobre exclus\u00e3o, insensibilidade das elites, mensal\u00e3o, maltrato dos idosos e mais uma gama de mazelas sociais que acometem o nosso pa\u00eds, sem estar contaminado nem pelos discursos raivosos de pol\u00edticos nem pelas teses inacess\u00edveis de soci\u00f3logos? E, ainda por cima, com um humor excrachado que flui pelas piadas sagazes ditas por um ator, dubl\u00ea de dan\u00e7arino, que al\u00e9m de tudo, \u00e9 baiano?<\/span><\/p>\n<p>O espet\u00e1culo\u00a0<strong>7 Conto<\/strong>\u00a0mostra que sim. E mais, que a divers\u00e3o do que se convencionou chamar de\u00a0<em>besteirol<\/em>\u00a0h\u00e1 muito deixou de ser desprovida de significados al\u00e9m do riso f\u00e1cil.<\/p>\n<p>S\u00e3o sete personagens encarnados pelo ator Lu\u00eds Miranda que desfilam um a um no palco em pouco mais de uma hora de espet\u00e1culo.<\/p>\n<p>A pe\u00e7a, dirigida pela atriz Ingrid Guimar\u00e3es, se baseia em esquetes entrecortados pela intera\u00e7\u00e3o com recursos de v\u00eddeo, nas quais Miranda usa seu ecletismo, j\u00e1 conhecido das milhares de pessoas que assistiram o espet\u00e1culo Ter\u00e7a Insana em todo o Brasil, para divertir o p\u00fablico e faz\u00ea-lo pensar.<\/p>\n<p class=\"Titalo\">\u00a0<strong>SERVI\u00c7O<\/strong><\/p>\n<p><strong>7 conto \u2013 A com\u00e9dia<\/strong>\u00a0com Luis Miranda<br \/>\nDire\u00e7\u00e3o: Ingrid Guimar\u00e3es<br \/>\nLocal: Teatro Universit\u00e1rio \u2013 UFES \u2013 Av. Fernando Ferrari \u2013 Vit\u00f3ria\/ES<br \/>\nQuando: 23 e 24 de agosto<br \/>\nS\u00e1bado\u00a0 e Domingo \u00e0s 21h<br \/>\nClassifica\u00e7\u00e3o: 14 anos<br \/>\nG\u00eanero: Com\u00e9dia<br \/>\nDura\u00e7\u00e3o: 80 minutos<br \/>\nInf: 3335-2953 \/ www.wbproducoes.com<br \/>\nVendas na bilheteria do Teatro (de 15h \u00e0s 20hs) ou no site\u00a0<a href=\"http:\/\/www.ingresso.com\/\">WWW.ingresso.com<br \/>\n<\/a>Valor: \u00a0TERREO R$70,00 (inteira) e R$35,00 (meia)<br \/>\nMEZANINO R$ 60,00 ( Inteira) e R$ 30,00 ( meia)<br \/>\n*Meia para estudantes, jornalistas, professores da rede p\u00fablica do munic\u00edpio de Vit\u00f3ria e idosos acima de 60 anos.<\/p>\n<p><strong>Clientes Porto Seguro e Assinantes do Jornal A Gazeta tem 50% de desconto no valor da inteira.<br \/>\n<\/strong>Produ\u00e7\u00e3o local: WB Produ\u00e7\u00f5es<\/p>\n<\/div>\n","protected":false},"excerpt":{"rendered":"<p>23 e 24 de Agosto &#8211;\u00a0Teatro Universit\u00e1rios UFES Sucesso na novela Gera\u00e7\u00e3o Brasil como a personagem Dorothy Benson Luis Miranda chega em Vit\u00f3ria com o seu espet\u00e1culo 7 CONTO A COM\u00c9DIA. \u00c9 poss\u00edvel falar sobre exclus\u00e3o, insensibilidade das elites, mensal\u00e3o, maltrato dos idosos e mais uma gama de mazelas sociais que acometem o nosso pa\u00eds, [&hellip;]<\/p>\n","protected":false},"author":2,"featured_media":21484,"comment_status":"open","ping_status":"open","sticky":false,"template":"","format":"standard","meta":[],"categories":[10,4],"tags":[],"statusdoprojeto":[],"cidadedoespetaculo":[],"acf":[],"_links":{"self":[{"href":"https:\/\/wbproducoes.com\/en\/wp-json\/wp\/v2\/posts\/21477"}],"collection":[{"href":"https:\/\/wbproducoes.com\/en\/wp-json\/wp\/v2\/posts"}],"about":[{"href":"https:\/\/wbproducoes.com\/en\/wp-json\/wp\/v2\/types\/post"}],"author":[{"embeddable":true,"href":"https:\/\/wbproducoes.com\/en\/wp-json\/wp\/v2\/users\/2"}],"replies":[{"embeddable":true,"href":"https:\/\/wbproducoes.com\/en\/wp-json\/wp\/v2\/comments?post=21477"}],"version-history":[{"count":3,"href":"https:\/\/wbproducoes.com\/en\/wp-json\/wp\/v2\/posts\/21477\/revisions"}],"predecessor-version":[{"id":22047,"href":"https:\/\/wbproducoes.com\/en\/wp-json\/wp\/v2\/posts\/21477\/revisions\/22047"}],"wp:featuredmedia":[{"embeddable":true,"href":"https:\/\/wbproducoes.com\/en\/wp-json\/wp\/v2\/media\/21484"}],"wp:attachment":[{"href":"https:\/\/wbproducoes.com\/en\/wp-json\/wp\/v2\/media?parent=21477"}],"wp:term":[{"taxonomy":"category","embeddable":true,"href":"https:\/\/wbproducoes.com\/en\/wp-json\/wp\/v2\/categories?post=21477"},{"taxonomy":"post_tag","embeddable":true,"href":"https:\/\/wbproducoes.com\/en\/wp-json\/wp\/v2\/tags?post=21477"},{"taxonomy":"statusdoprojeto","embeddable":true,"href":"https:\/\/wbproducoes.com\/en\/wp-json\/wp\/v2\/statusdoprojeto?post=21477"},{"taxonomy":"cidadedoespetaculo","embeddable":true,"href":"https:\/\/wbproducoes.com\/en\/wp-json\/wp\/v2\/cidadedoespetaculo?post=21477"}],"curies":[{"name":"wp","href":"https:\/\/api.w.org\/{rel}","templated":true}]}}