{"id":21610,"date":"2015-07-21T14:57:14","date_gmt":"2015-07-21T14:57:14","guid":{"rendered":"http:\/\/wbproducoes.com\/?p=21610"},"modified":"2015-07-28T14:20:23","modified_gmt":"2015-07-28T14:20:23","slug":"contracoes-3","status":"publish","type":"post","link":"https:\/\/wbproducoes.com\/en\/contracoes-3\/","title":{"rendered":"Contra\u00e7\u00f5es"},"content":{"rendered":"<div class=\"agenda_completo_box\">\n<p class=\"agenda_completo_data\">27, 28 e 29 de mar\u00e7o &#8211;\u00a0<a href=\"http:\/\/www.wbproducoes.art.br\/&amp;output=embed\" rel=\"shadowbox;width=640;height=480\">Teatro Universit\u00e1rio<\/a><\/p>\n<\/div>\n<div class=\"agenda_completo_box\">\n<p style=\"text-align: left;\" align=\"center\"><strong>7\u02daEd CIRCUITO BANESCARD DE TEATRO ENTRA EM CENA<\/strong><\/p>\n<p style=\"text-align: left;\" align=\"center\"><strong>\u00a0<\/strong>O Circuito Banescard de Teatro chega a sua s\u00e9tima edi\u00e7\u00e3o, trazendo sete espet\u00e1culos e muitas novidades.\u00a0 A primeira pe\u00e7a fica por conta do Grupo 3 de Teatro com as atrizes D\u00e9bora Falabella e Yara de Novaes.<\/p>\n<p style=\"text-align: left;\" align=\"center\"><strong>\u00a0<\/strong><strong>CONTRA\u00c7\u00d5ES<\/strong><\/p>\n<p style=\"text-align: left;\" align=\"center\"><em>De 27 a 29 de mar\u00e7o. <\/em><em>A dire\u00e7\u00e3o \u00e9 de Grace Pass\u00f4<\/em><\/p>\n<p>O sucesso de <em>Contra\u00e7\u00f5es<\/em> foi incontest\u00e1vel por onde passou. O espet\u00e1culo foi considerado um dos 10 melhores do ano pelo Jornal <em>O Globo<\/em>e a <em>Revista Veja<\/em>, al\u00e9m de receber cinco indica\u00e7\u00f5es ao pr\u00eamio <em>Quest\u00e3o de Critica<\/em>. Em S\u00e3o Paulo, <strong>D\u00e9bora Falabella<\/strong> e <strong>Yara de Novaes<\/strong>abarcaram o APCA por suas interpreta\u00e7\u00f5es, pr\u00eamio raro de ser dividido por duas atrizes em uma mesma pe\u00e7a teatral.<\/p>\n<p><strong>SERVI\u00c7O\u00a0&#8211;\u00a0<\/strong><strong>7 Ed Circuito Banescard de Teatro<\/strong><\/p>\n<p><strong>CONTRA\u00c7\u00d5ES &#8211;\u00a0<\/strong><strong><em>De 27 a 29 de Mar\u00e7o de 2015<\/em><\/strong><\/p>\n<p>De Mike Bartlett<br \/>\nCom D\u00e9bora Falabella e Yara de Novaes<br \/>\nDire\u00e7\u00e3o de Grace Pass\u00f4<br \/>\n<strong>Local:<\/strong> Teatro Universit\u00e1rio &#8211; UFES<br \/>\n<strong>Endere\u00e7o:<\/strong> Av. Fernando Ferrari, 514 \u2013 Campus da UFES \u2013 Goiabeiras.<br \/>\n<strong>Hor\u00e1rios:<\/strong> sexta, \u00e0s 21h \/ s\u00e1bado, \u00e0s 21h \/ domingo, \u00e0s 19h<br \/>\n<strong>Informa\u00e7\u00f5es<\/strong>: UFES: 27 3335 2953 \/ WB 27 3029 2765<br \/>\n<strong>Ingressos<\/strong>: TERREO &#8211; R$ 70,00 (inteira) e R$ 35,00 (meia entrada)<br \/>\nMEZANINO \u2013 R$ 50,00 (inteira) e R$25,00 (meia)<\/p>\n<ul>\n<li style=\"text-align: left;\">Clientes <strong>BANESCARD<\/strong> e assinantes do jornal A Gazeta tem 50% de desconto em at\u00e9 02 ingressos por cliente.<\/li>\n<\/ul>\n<p style=\"text-align: left;\"><strong>Hor\u00e1rio de funcionamento bilheteria:<\/strong> de ter\u00e7a a sexta, de 15h \u00e0s 20h.<br \/>\n<strong>Classifica\u00e7\u00e3o<\/strong>: 14 anos<br \/>\n<strong>Dura\u00e7\u00e3o do espet\u00e1culo:<\/strong> 80 minutos<br \/>\n<strong>G\u00eanero:<\/strong> Com\u00e9dia<br \/>\n<strong>Capacidade do teatro: <\/strong>615 lugares<strong>\u00a0<\/strong><\/p>\n<p class=\"NoSpacing\"><strong>Assessoria de imprensa WB Produ\u00e7\u00f5es:<\/strong> Bruna Dornellas bruna@wbproducoes.com \u00a0(27) 3029 2765<br \/>\n<strong>Assessoria de Comunica\u00e7\u00e3o do Banestes<br \/>\nL\u00facia Garcia<br \/>\nTels.: 3383.1465 \/ 9831.6034<br \/>\n<\/strong><a href=\"mailto:lmgarcia@banestes.com.br\">lmgarcia@banestes.com.br<\/a><strong><br \/>\nassessoriadecomunicacao@banestes.com.br\u00a0<\/strong><\/p>\n<\/div>\n","protected":false},"excerpt":{"rendered":"<p>27, 28 e 29 de mar\u00e7o &#8211;\u00a0Teatro Universit\u00e1rio 7\u02daEd CIRCUITO BANESCARD DE TEATRO ENTRA EM CENA \u00a0O Circuito Banescard de Teatro chega a sua s\u00e9tima edi\u00e7\u00e3o, trazendo sete espet\u00e1culos e muitas novidades.\u00a0 A primeira pe\u00e7a fica por conta do Grupo 3 de Teatro com as atrizes D\u00e9bora Falabella e Yara de Novaes. \u00a0CONTRA\u00c7\u00d5ES De 27 [&hellip;]<\/p>\n","protected":false},"author":2,"featured_media":21617,"comment_status":"open","ping_status":"open","sticky":false,"template":"","format":"standard","meta":[],"categories":[11,4],"tags":[],"statusdoprojeto":[],"cidadedoespetaculo":[],"acf":[],"_links":{"self":[{"href":"https:\/\/wbproducoes.com\/en\/wp-json\/wp\/v2\/posts\/21610"}],"collection":[{"href":"https:\/\/wbproducoes.com\/en\/wp-json\/wp\/v2\/posts"}],"about":[{"href":"https:\/\/wbproducoes.com\/en\/wp-json\/wp\/v2\/types\/post"}],"author":[{"embeddable":true,"href":"https:\/\/wbproducoes.com\/en\/wp-json\/wp\/v2\/users\/2"}],"replies":[{"embeddable":true,"href":"https:\/\/wbproducoes.com\/en\/wp-json\/wp\/v2\/comments?post=21610"}],"version-history":[{"count":4,"href":"https:\/\/wbproducoes.com\/en\/wp-json\/wp\/v2\/posts\/21610\/revisions"}],"predecessor-version":[{"id":22001,"href":"https:\/\/wbproducoes.com\/en\/wp-json\/wp\/v2\/posts\/21610\/revisions\/22001"}],"wp:featuredmedia":[{"embeddable":true,"href":"https:\/\/wbproducoes.com\/en\/wp-json\/wp\/v2\/media\/21617"}],"wp:attachment":[{"href":"https:\/\/wbproducoes.com\/en\/wp-json\/wp\/v2\/media?parent=21610"}],"wp:term":[{"taxonomy":"category","embeddable":true,"href":"https:\/\/wbproducoes.com\/en\/wp-json\/wp\/v2\/categories?post=21610"},{"taxonomy":"post_tag","embeddable":true,"href":"https:\/\/wbproducoes.com\/en\/wp-json\/wp\/v2\/tags?post=21610"},{"taxonomy":"statusdoprojeto","embeddable":true,"href":"https:\/\/wbproducoes.com\/en\/wp-json\/wp\/v2\/statusdoprojeto?post=21610"},{"taxonomy":"cidadedoespetaculo","embeddable":true,"href":"https:\/\/wbproducoes.com\/en\/wp-json\/wp\/v2\/cidadedoespetaculo?post=21610"}],"curies":[{"name":"wp","href":"https:\/\/api.w.org\/{rel}","templated":true}]}}