{"id":28219,"date":"2016-05-05T09:21:52","date_gmt":"2016-05-05T09:21:52","guid":{"rendered":"http:\/\/wbproducoes.com\/?p=28219"},"modified":"2019-09-02T17:49:22","modified_gmt":"2019-09-02T17:49:22","slug":"o-impecavel","status":"publish","type":"post","link":"https:\/\/wbproducoes.com\/en\/o-impecavel\/","title":{"rendered":"O Impec\u00e1vel"},"content":{"rendered":"<p><strong><u>PELA\u00a0 PRIMEIRA VEZ NO ESPIRITO SANTO, O ATOR LUIZ FERNANDO GUIMAR\u00c3ES\u00a0 SE APRESENTA NA OITAVA EDI\u00c7\u00c3O DO CIRCUITO BANESCARD DE TEATRO COM A PE\u00c7A \u201cO IMPEC\u00c1VEL\u201d, DOS GRANDES AUTORES \u00a0E DIRETORES DE MUSICAIS CHARLES MOELLER E CL\u00c1UDIO BOTELHO<\/u><\/strong><\/p>\n<p><em>Com patroc\u00ednio do Banco Banestes atrav\u00e9s da Lei Rouanet do Minist\u00e9rio da Cultura, o espet\u00e1culo\u00a0 chega em Vit\u00f3ria, nos dias 25 e 26 de junho, no Teatro Universit\u00e1rio e mostra toda versatilidade do ator na interpreta\u00e7\u00e3o de oito personagens<\/em>.<\/p>\n<p>Depois do grande sucesso na s\u00e9rie \u201cOs Normais\u201d, da rede Globo e \u201cFor\u00e7a na Peruca\u201d, do canal Multishow, o ator Luiz Fernando Guimar\u00e3es agora viaja em turn\u00ea com a pe\u00e7a \u201cO Impec\u00e1vel\u201d, e a capital capixaba recebe a pe\u00e7a in\u00e9dita, que chega em junho,\u00a0 fazendo parte da 8 edi\u00e7\u00e3o do Circuito Banescard de Teatro, com projeto lei de incentivo a cultura, atrav\u00e9s do Minist\u00e9rio da Cultura.<\/p>\n<p>Um ator, um sal\u00e3o de beleza e oito personagens de tirar o f\u00f4lego. Em \u201cO Impec\u00e1vel\u201d, o p\u00fablico \u00e9 transportado para uma tarde de s\u00e1bado na Zona Sul do Rio de Janeiro, onde conhece uma turma com hist\u00f3rias nada convencionais para contar. Dando vida a todas elas est\u00e1 Luiz Fernando Guimar\u00e3es, que n\u00e3o precisa de mais do que um palco mobiliado com uma bancada e uma cadeira com secador de cabelo para arrancar boas risadas da plateia.<\/p>\n<p>Durante o mon\u00f3logo, o sal\u00e3o Impec\u00e1vel Beauty recebe pessoas com muitos v\u00edcios, poucas virtudes e \u00f3timas hist\u00f3rias. Seus funcion\u00e1rios s\u00e3o personalidades no m\u00ednimo ex\u00f3ticas: Seu Francisco, o faxineiro, \u00e9 um evang\u00e9lico fervoroso e trabalhador. J\u00e1 Ednardo, o atendente que deveria dar as boas-vindas, n\u00e3o passa de um pregui\u00e7oso que tenta se dar bem enganando a patroa no hor\u00e1rio de servi\u00e7o. Chanderley \u00e9 a respons\u00e1vel pelas unhas dos clientes, mas parte de sua renda vem de \u201cservi\u00e7os extras\u201d prestados nas madrugadas em Copacabana. O cabeleireiro Guido vive se gabando dos in\u00fameros diplomas e de toda sua masculinidade, enquanto Serginho \u2013 que n\u00e3o cansa de se autodenominar um <em>hairstylist<\/em> de m\u00e3o cheia \u2013 passa mais tempo inventando cortes de cabelo inusitados do que realmente atendendo a clientela.<\/p>\n<p>Pelos cuidados dos funcion\u00e1rios passa o Dr. Ivan, um psic\u00f3logo boa pra\u00e7a que come\u00e7ou a ser mais vaidoso depois de sofrer a vida inteira com os apelidos ligados \u00e0 sua apar\u00eancia nada exuberante. O estabelecimento tamb\u00e9m recebe Rodolfo, o solteir\u00e3o que chega para levar a m\u00e3e para dar uma repaginada no visual e fica tempo suficiente para trocar dois dedos de prosa com os profissionais. A dona do local, Eleonora, \u00e9 outra figura nada comum: ex-miss, pouco liga para seu empreendimento, fruto do dinheiro herdado do ex-marido.<\/p>\n<p>No espet\u00e1culo, ator, luz e m\u00fasica servem ao primeiro texto n\u00e3o-musical de Charles M\u00f6eller e Claudio Botelho. Em um teatro sem enfeites, Marcus Alvisi assina a dire\u00e7\u00e3o do mon\u00f3logo apresentado em um cen\u00e1rio que traz apenas o essencial para dar o clima de burburinho caracter\u00edstico dos sal\u00f5es de beleza.<\/p>\n<p>O p\u00fablico capixaba poder\u00e1 ver de perto um dos grandes atores do pa\u00eds, pela primeira vez,e com ingressos a partir de trinta reais, e todo cliente Banescard tem desconto de 50% no valor do ingresso *inteira .<\/p>\n<p>&nbsp;<\/p>\n<p><strong>Ficha T\u00e9cnica:<\/strong><\/p>\n<p>&nbsp;<\/p>\n<p><strong>\u00a0<\/strong><strong>Texto <\/strong>&#8211; Charles M\u00f6eller e Claudio Botelho<\/p>\n<p><strong>Dire\u00e7\u00e3o<\/strong> &#8211; Marcus Alvisi<\/p>\n<p><strong>Cen\u00e1rio<\/strong> &#8211; Nat\u00e1lia Lana<\/p>\n<p><strong>Figurino<\/strong> &#8211; Maria Diaz<\/p>\n<p><strong>Ilumina\u00e7\u00e3o<\/strong> &#8211; Carlos Lafert<\/p>\n<p><strong>Trilha<\/strong> &#8211; Biltre<\/p>\n<p><strong>Designer Gr\u00e1fico<\/strong> &#8211; Milton Menezes<\/p>\n<p><strong>Dire\u00e7\u00e3o de Movimento<\/strong> &#8211; Sueli Guerra \/ Alessandro Brand\u00e3o<\/p>\n<p><strong>Prepara\u00e7\u00e3o Vocal<\/strong> &#8211; Rose Gon\u00e7alves<\/p>\n<p><strong>Assistente de Dire\u00e7\u00e3o\/Palco<\/strong> &#8211; J\u00falio Miranda<\/p>\n<p><strong>Assistente Luiz Fernando<\/strong> &#8211; Katia Jorgensen<\/p>\n<p><strong>Assistente de Figurino<\/strong> &#8211; Viviane Castelleoni<\/p>\n<p><strong>Operador de Som<\/strong> &#8211; L\u00e9o Magalh\u00e3es<\/p>\n<p><strong>Operador de Luz<\/strong> &#8211; Juninho<\/p>\n<p><strong>Camareira<\/strong> &#8211; Maninha<\/p>\n<p><strong>Produtora Assistente<\/strong> &#8211;\u00a0 Paula Valente Fraga<\/p>\n<p><strong>Produ\u00e7\u00e3o Executiva e Administra\u00e7\u00e3o<\/strong> &#8211; Cristina Leite<\/p>\n<p><strong>Dire\u00e7\u00e3o de Produ\u00e7\u00e3o<\/strong> &#8211; Alessandra Reis<\/p>\n<p><strong>Realiza\u00e7\u00e3o<\/strong> &#8211;\u00a0 Brainstorming Entretenimento &amp; Alessandra Reis 27 Produ\u00e7\u00f5es Art\u00edsticas<\/p>\n<p><strong>Realiza\u00e7\u00e3o local:<\/strong> WB Produ\u00e7\u00f5es<\/p>\n<p>Assessoria Local: Adriana Jenner<\/p>\n<p>&nbsp;<\/p>\n<p><strong><u>SERVI\u00c7O:<\/u><\/strong><\/p>\n<p><strong>8\u00a0 EDI\u00c7\u00c3O DO\u00a0CIRCUITO\u00a0BANESCARD\u00a0DE\u00a0TEATRO, com a pe\u00e7a:<\/strong><\/p>\n<p><strong>O Impec\u00e1vel<\/strong><strong> \u2013 com Luiz Fernando Guimar\u00e3es <\/strong><\/p>\n<p><strong><em>25 e 26 Junho de 2016 <\/em><\/strong><\/p>\n<p><strong><em>Dire\u00e7\u00e3o:<\/em><\/strong> Marcus Alvisi<\/p>\n<p><strong><em>Texto:<\/em><\/strong> Charles M\u00f6eller e Claudio Botelho<\/p>\n<p><strong>Local:<\/strong>\u00a0Teatro\u00a0Universit\u00e1rio &#8211; UFES<\/p>\n<p><strong>Endere\u00e7o:<\/strong>\u00a0Av. Fernando Ferrari, 514 \u2013 Campus da UFES \u2013 Goiabeiras.<\/p>\n<p><strong>Hor\u00e1rios:<\/strong>\u00a0S\u00e1bado, \u00e0s 21h \/ domingo, \u00e0s 18h<\/p>\n<p><strong>Informa\u00e7\u00f5es<\/strong>: UFES: 27 3335 2953 \/ WB 27 3029 2765<\/p>\n<p><a href=\"http:\/\/www.wbproducoes.com\/\">www.wbproducoes.com<\/a><\/p>\n<p><strong>Ingressos:<\/strong><\/p>\n<p>Setor A- \u00a0\u00a0R$ 80,00 ( Inteira) e R$ 40,00 (meia)*<\/p>\n<p>Setor B- \u00a0R$70,00 (inteira) e R$35,00 (meia)*<\/p>\n<p>Mezanino- R$ 60,00 ( Inteira) e R$30,00 (meia)*<\/p>\n<p>*V\u00e1lido de acordo com a lei local.<\/p>\n<p><strong>Os clientes BANESCARD, RENNER e Assinantes do Jornal A Gazeta ter\u00e3o 50% de desconto em cima do valor da inteira, em at\u00e9 2 ingressos por cliente<\/strong><\/p>\n<p><strong>Hor\u00e1rio de funcionamento bilheteria:<\/strong>\u00a0de ter\u00e7a a sexta, de 15h \u00e0s 20h.<\/p>\n<p><strong>Classifica\u00e7\u00e3o<\/strong>: 14 anos<\/p>\n<p><strong>Dura\u00e7\u00e3o do espet\u00e1culo:<\/strong>\u00a060 minutos<\/p>\n<p><strong>G\u00eanero<\/strong>: com\u00e9dia<\/p>\n<p><strong>Capacidade do\u00a0teatro:\u00a0<\/strong>615 lugares<\/p>\n","protected":false},"excerpt":{"rendered":"<p>PELA\u00a0 PRIMEIRA VEZ NO ESPIRITO SANTO, O ATOR LUIZ FERNANDO GUIMAR\u00c3ES\u00a0 SE APRESENTA NA OITAVA EDI\u00c7\u00c3O DO CIRCUITO BANESCARD DE TEATRO COM A PE\u00c7A \u201cO IMPEC\u00c1VEL\u201d, DOS GRANDES AUTORES \u00a0E DIRETORES DE MUSICAIS CHARLES MOELLER E CL\u00c1UDIO BOTELHO Com patroc\u00ednio do Banco Banestes atrav\u00e9s da Lei Rouanet do Minist\u00e9rio da Cultura, o espet\u00e1culo\u00a0 chega em [&hellip;]<\/p>\n","protected":false},"author":2,"featured_media":28220,"comment_status":"open","ping_status":"open","sticky":false,"template":"","format":"standard","meta":[],"categories":[21,20,4],"tags":[],"statusdoprojeto":[],"cidadedoespetaculo":[],"acf":[],"_links":{"self":[{"href":"https:\/\/wbproducoes.com\/en\/wp-json\/wp\/v2\/posts\/28219"}],"collection":[{"href":"https:\/\/wbproducoes.com\/en\/wp-json\/wp\/v2\/posts"}],"about":[{"href":"https:\/\/wbproducoes.com\/en\/wp-json\/wp\/v2\/types\/post"}],"author":[{"embeddable":true,"href":"https:\/\/wbproducoes.com\/en\/wp-json\/wp\/v2\/users\/2"}],"replies":[{"embeddable":true,"href":"https:\/\/wbproducoes.com\/en\/wp-json\/wp\/v2\/comments?post=28219"}],"version-history":[{"count":2,"href":"https:\/\/wbproducoes.com\/en\/wp-json\/wp\/v2\/posts\/28219\/revisions"}],"predecessor-version":[{"id":46933,"href":"https:\/\/wbproducoes.com\/en\/wp-json\/wp\/v2\/posts\/28219\/revisions\/46933"}],"wp:featuredmedia":[{"embeddable":true,"href":"https:\/\/wbproducoes.com\/en\/wp-json\/wp\/v2\/media\/28220"}],"wp:attachment":[{"href":"https:\/\/wbproducoes.com\/en\/wp-json\/wp\/v2\/media?parent=28219"}],"wp:term":[{"taxonomy":"category","embeddable":true,"href":"https:\/\/wbproducoes.com\/en\/wp-json\/wp\/v2\/categories?post=28219"},{"taxonomy":"post_tag","embeddable":true,"href":"https:\/\/wbproducoes.com\/en\/wp-json\/wp\/v2\/tags?post=28219"},{"taxonomy":"statusdoprojeto","embeddable":true,"href":"https:\/\/wbproducoes.com\/en\/wp-json\/wp\/v2\/statusdoprojeto?post=28219"},{"taxonomy":"cidadedoespetaculo","embeddable":true,"href":"https:\/\/wbproducoes.com\/en\/wp-json\/wp\/v2\/cidadedoespetaculo?post=28219"}],"curies":[{"name":"wp","href":"https:\/\/api.w.org\/{rel}","templated":true}]}}