{"id":30439,"date":"2016-07-14T18:04:14","date_gmt":"2016-07-14T18:04:14","guid":{"rendered":"http:\/\/wbproducoes.com\/?p=30439"},"modified":"2019-09-02T17:48:44","modified_gmt":"2019-09-02T17:48:44","slug":"uma-viagem-no-tempo","status":"publish","type":"post","link":"https:\/\/wbproducoes.com\/en\/uma-viagem-no-tempo\/","title":{"rendered":"Uma Viagem no Tempo"},"content":{"rendered":"<p><strong>Minist\u00e9rio da Cultura e 8 Ed do Circuito Banescard de Teatro<\/strong><\/p>\n<p>Apresentam:<\/p>\n<p>Grupo de Teatro Rerigtiba<\/p>\n<p><strong>\u00a0<\/strong><strong>\u201cUma viagem no tempo\u201d<\/strong><\/p>\n<p><strong>\u00a0<\/strong>G\u00eanero: Teatro Infantil<\/p>\n<p>Classifica\u00e7\u00e3o: Livre<\/p>\n<p>Espet\u00e1culo com 45 minutos de dura\u00e7\u00e3o<\/p>\n<p>&nbsp;<\/p>\n<p>&nbsp;<\/p>\n<p>E se a \u00e1gua se tornasse o bem mais raro do planeta, e se ela estivesse acabando, e se a gente pudesse fazer algo para evitar o desperd\u00edcio, e se as pessoas soubessem como ela \u00e9 preciosa? &#8230;isso poderia mudar o nosso futuro!<\/p>\n<p><strong>\u201cUma viagem no tempo\u201d<\/strong> \u00e9 uma forma l\u00fadica de falar sobre um tema que vem preocupando as cidades e o mundo.<\/p>\n<p><strong>\u00a0<\/strong><\/p>\n<p><strong>Sinopse<\/strong><\/p>\n<p>Em <strong><em>Uma viagem no tempo<\/em><\/strong>, tr\u00eas personagens fant\u00e1sticos nos levam ao futuro para embarcar na hist\u00f3ria do maior mist\u00e9rio da humanidade e conhecer o mais precioso tesouro do planeta Terra! De forma l\u00fadica e divertida, o espet\u00e1culo nos convida a rever pequenas atitudes di\u00e1rias a fim de preservar a nossa mais importante riqueza natural: <strong>a \u00e1gua.<\/strong><\/p>\n<p><strong>\u00a0<\/strong><\/p>\n<p><strong>Conceito do espet\u00e1culo<\/strong><\/p>\n<p>No espet\u00e1culo uma trupe de atores viaja atrav\u00e9s do tempo at\u00e9 um futuro fict\u00edcio em que a \u00e1gua \u00e9 um artigo raro, um mist\u00e9rio do passado.<\/p>\n<p>Com o intuito de discutir o uso consciente da \u00e1gua &#8211; um tema t\u00e3o importante e atual \u2013 com uma linguagem po\u00e9tica e informativa, a dramaturgia do espet\u00e1culo buscou no realismo fant\u00e1stico personagens m\u00e1gicos para conduzir a hist\u00f3ria. <strong><em>Um homem que tudo sabe, uma velha que tudo viu e uma menina que nada cr\u00ea<\/em><\/strong> vivem em um futuro onden\u00e3o existem mais recursos naturais, somente os homens e as inven\u00e7\u00f5es do homem e como viajantes do tempo lan\u00e7am m\u00e3o da hist\u00f3ria e mostram as pessoas \u201ca maravilha\u00a0 que elas deixaram escorrer pelas m\u00e3os\u201d.<\/p>\n<p><strong><em>A trilha sonora e figurino<\/em><\/strong> refor\u00e7am essa realidade fant\u00e1stica, que pode estar mais perto do que se imagina, um futuro que est\u00e1 em nossas m\u00e3os mudar.<\/p>\n<p>Com classifica\u00e7\u00e3o livre, <strong><em>Uma viagem no tempo<\/em><\/strong> \u00e9 um trabalho delicado e imag\u00e9tico, que busca unir ao mesmo tempo conscientiza\u00e7\u00e3o e divers\u00e3o.<\/p>\n<p><strong>\u00a0<\/strong><\/p>\n<p><strong>\u00a0<\/strong><strong>Sobre a montagem<\/strong><\/p>\n<p>O espet\u00e1culo &#8220;Uma viagem no tempo&#8221; nasceu da vontade de se aprofundar em um tema muito importante para o nosso planeta: a \u00e1gua doce. A cria\u00e7\u00e3o da pe\u00e7a foi dividida em duas etapas: a primeira foi direcionada para escolas e espa\u00e7os alternativos, sob o t\u00edtulo &#8220;E se&#8230;&#8221;, com o intuito de criar um di\u00e1logo entre arte e educa\u00e7\u00e3o ambiental. Nesta segunda etapa, alimentados pela est\u00e9tica Steampunk, convidamos o espectador a embarcar numa aventura pelo tempo at\u00e9 um futuro long\u00ednquo, em que a \u00e1gua \u00e9 o bem mais raro e cobi\u00e7ado da face da terra.<\/p>\n<p><strong><em>\u00a0<\/em><\/strong><strong>\u00a0<\/strong><\/p>\n<p><strong>Ficha T\u00e9cnica<\/strong><\/p>\n<p>Elenco:Marcelle Ludgero, Sara Lyra e Welida Pontes.<\/p>\n<p>Dramaturgia e Dire\u00e7\u00e3o: Nieve Matos<\/p>\n<p>Dire\u00e7\u00e3o de Produ\u00e7\u00e3o: Telma Amaral<\/p>\n<p>Figurino:Lunamar Gon\u00e7alves<\/p>\n<p>Concep\u00e7\u00e3ovisual:Telma Amaral<\/p>\n<p>Cria\u00e7\u00e3o de Objetos de Cena:Telma Amaral e Sara Lyra<\/p>\n<p>M\u00fasica tema: Edivan Freitas<\/p>\n<p>Produ\u00e7\u00e3o Musical: Maria Barros (Mary Di)<\/p>\n<p>Grava\u00e7\u00e3o de Trilha Sonora: Est\u00fadio All Set<\/p>\n<p>Visagismo: Maria Barros<\/p>\n<p>Ilumina\u00e7\u00e3o: Welida Pontes<\/p>\n<p>Apoio: Consciente Coletivo e Daniela Zorzal,<\/p>\n<p>Realiza\u00e7\u00e3o: Grupo de Teatro Rerigtiba e WB Produ\u00e7\u00f5es<\/p>\n<p>Design Gr\u00e1fico: Thais Fernandes<\/p>\n<p>Assessoria: Adriana Jenner<\/p>\n<p>Fotos: Vitor Zorzal<\/p>\n<p>&nbsp;<\/p>\n<p><strong>\u00a0<\/strong><strong>Sobre o Grupo de Teatro Rerigtiba<\/strong><\/p>\n<p>Com sede emAnchieta\u00a0 a companhia com 23 de exist\u00eancia\u00a0 desenvolve um s\u00f3lido trabalho de\u00a0 pesquisa\u00a0 da\u00a0 linguagem\u00a0 teatral\u00a0 para montagens de seus espet\u00e1culos e aprimoramento de seus artistas. Realiza cursos, oficinas e Workshops al\u00e9m de programas para forma\u00e7\u00e3o de plateia e difus\u00e3o das artes c\u00eanicas.<\/p>\n<p><strong>Significado do nome:<\/strong> o primeiro nome do povoado fundado em 1579 pelo jesu\u00edtaJos\u00e9 de Anchieta e faz alus\u00e3o \u00e0s conchas e ostras encontradas com fartura no local, \u201clugar de muitas conchas\u201d.<\/p>\n<p><strong><em>\u00a0<\/em><\/strong><strong><em>\u00a0<\/em><\/strong><\/p>\n<p><strong><em>Contato<\/em><\/strong><\/p>\n<p>Telma Amaral \u2013 Produtora<\/p>\n<p>Celular. 2898811 8468<\/p>\n<p>amaral.telma@gmail.com<\/p>\n<p>&nbsp;<\/p>\n<p><strong><em>Grupo de Teatro Rerigtiba<\/em><\/strong><\/p>\n<p><em>grupodeteatrorerigtiba@gmail.com<\/em><\/p>\n<p><em>telefone:. 28 35362063<\/em><\/p>\n<p><em>Sede: Avenida Oliveira n\u00ba 07, bairro Justi\u00e7a II, Anchieta \u2013 ES, CEP 29.230-000<\/em><\/p>\n<p><strong><em>SITE<\/em><\/strong><\/p>\n<p><a href=\"http:\/\/www.grupodeteatrorerigtiba.com.br\">www.grupodeteatrorerigtiba.com.br<\/a><\/p>\n<p><em>\u00a0<\/em><\/p>\n<p><strong><em>FACEBOOK<\/em><\/strong><\/p>\n<p><a href=\"https:\/\/www.facebook.com\/GrupoDeTeatroRerigtiba\">https:\/\/www.facebook.com\/GrupoDeTeatroRerigtiba<\/a><\/p>\n","protected":false},"excerpt":{"rendered":"<p>Minist\u00e9rio da Cultura e 8 Ed do Circuito Banescard de Teatro Apresentam: Grupo de Teatro Rerigtiba \u00a0\u201cUma viagem no tempo\u201d \u00a0G\u00eanero: Teatro Infantil Classifica\u00e7\u00e3o: Livre Espet\u00e1culo com 45 minutos de dura\u00e7\u00e3o &nbsp; &nbsp; E se a \u00e1gua se tornasse o bem mais raro do planeta, e se ela estivesse acabando, e se a gente pudesse [&hellip;]<\/p>\n","protected":false},"author":2,"featured_media":30482,"comment_status":"open","ping_status":"open","sticky":false,"template":"","format":"standard","meta":[],"categories":[21,20,4],"tags":[],"statusdoprojeto":[],"cidadedoespetaculo":[],"acf":[],"_links":{"self":[{"href":"https:\/\/wbproducoes.com\/en\/wp-json\/wp\/v2\/posts\/30439"}],"collection":[{"href":"https:\/\/wbproducoes.com\/en\/wp-json\/wp\/v2\/posts"}],"about":[{"href":"https:\/\/wbproducoes.com\/en\/wp-json\/wp\/v2\/types\/post"}],"author":[{"embeddable":true,"href":"https:\/\/wbproducoes.com\/en\/wp-json\/wp\/v2\/users\/2"}],"replies":[{"embeddable":true,"href":"https:\/\/wbproducoes.com\/en\/wp-json\/wp\/v2\/comments?post=30439"}],"version-history":[{"count":4,"href":"https:\/\/wbproducoes.com\/en\/wp-json\/wp\/v2\/posts\/30439\/revisions"}],"predecessor-version":[{"id":46931,"href":"https:\/\/wbproducoes.com\/en\/wp-json\/wp\/v2\/posts\/30439\/revisions\/46931"}],"wp:featuredmedia":[{"embeddable":true,"href":"https:\/\/wbproducoes.com\/en\/wp-json\/wp\/v2\/media\/30482"}],"wp:attachment":[{"href":"https:\/\/wbproducoes.com\/en\/wp-json\/wp\/v2\/media?parent=30439"}],"wp:term":[{"taxonomy":"category","embeddable":true,"href":"https:\/\/wbproducoes.com\/en\/wp-json\/wp\/v2\/categories?post=30439"},{"taxonomy":"post_tag","embeddable":true,"href":"https:\/\/wbproducoes.com\/en\/wp-json\/wp\/v2\/tags?post=30439"},{"taxonomy":"statusdoprojeto","embeddable":true,"href":"https:\/\/wbproducoes.com\/en\/wp-json\/wp\/v2\/statusdoprojeto?post=30439"},{"taxonomy":"cidadedoespetaculo","embeddable":true,"href":"https:\/\/wbproducoes.com\/en\/wp-json\/wp\/v2\/cidadedoespetaculo?post=30439"}],"curies":[{"name":"wp","href":"https:\/\/api.w.org\/{rel}","templated":true}]}}