{"id":30474,"date":"2016-07-14T20:45:52","date_gmt":"2016-07-14T20:45:52","guid":{"rendered":"http:\/\/wbproducoes.com\/?p=30474"},"modified":"2019-09-02T17:48:32","modified_gmt":"2019-09-02T17:48:32","slug":"no-gogo-do-paulinho","status":"publish","type":"post","link":"https:\/\/wbproducoes.com\/en\/no-gogo-do-paulinho\/","title":{"rendered":"No Gog\u00f3 do Paulinho"},"content":{"rendered":"<p>NO GOG\u00d3 DO PAULINHO<\/p>\n<p><strong>No Gog\u00f3 do Paulinho<\/strong>, solo de stand up do comediante Maur\u00edcio Manfrini traz ao palcos capixabas a hist\u00f3rias de seu personagem de maior sucesso na televis\u00e3o brasileira.<br \/>\nHumorista, locutor, dublador e cantor iniciou sua carreira art\u00edstica \u00e0 18 anos ilustrando o imagin\u00e1rio dos ouvintes do programa \u201cPatrulha da Cidade\u201d, na Super R\u00e1dio Tupi, l\u00edder de audi\u00eancia no segmento.<br \/>\nNa televis\u00e3o estreou no programa \u201cNa Boca do Povo\u201d, do apresentador Wagner Montes, logo em seguida foi convidado a integrar a maior escola de humor que o Brasil j\u00e1 teve, <strong>\u201cEscolinha do Prof. Raimundo\u201d,<\/strong> liderada pelo mestre do humor Chico Anisio.<br \/>\nH\u00e1 8 anos faz parte da <u>\u201cPra\u00e7a \u00e9 Nossa\u201d<\/u> com Carlos Alberto de N\u00f3brega, onde interpreta o personagem de maior destaque no programa. A exposi\u00e7\u00e3o da m\u00eddia e a repercuss\u00e3o o levaram aos programas de Silvio Santos, maior apresentador da televis\u00e3o brasileira e ao <u>\u201cDe frente com Gabi\u201d,<\/u> apresentado por ningu\u00e9m menos que a incontest\u00e1vel Mar\u00edlia Gabriela.<br \/>\nCom personagem constru\u00eddo atrav\u00e9s de hist\u00f3rias do povo, era chegado o momento de aproxim\u00e1-lo ainda mais de seu p\u00fablico. Em um espet\u00e1culo que n\u00e3o conta com cen\u00e1rio, ilumina\u00e7\u00e3o sofisticada o p\u00fablico fica preso durante 70 minutos em uma atmosfera criada pelo humorista.<br \/>\n\u00c9 com esta bagagem, que ap\u00f3s ter sido aclamado nos teatros do Rio de Janeiro, o comediante agora leva para Vit\u00f3ria o seu espet\u00e1culo.<\/p>\n<p>&nbsp;<\/p>\n<p><strong>\u00a0<\/strong><strong>\u00a0<\/strong><\/p>\n<p><strong>SERVI\u00c7O<\/strong><\/p>\n<p>8 ED CIRCUITO UNIMED DE TEATRO -2016<\/p>\n<p>&nbsp;<\/p>\n<p><strong>NO GOG\u00d3 DO PAULINHO <\/strong><\/p>\n<p><strong>Dias: 20 e 21 de Agosto <\/strong><\/p>\n<p>Com Paulinho Gogo<\/p>\n<p>Local: Teatro Universit\u00e1rio \u2013 UFES \u2013 Av. Fernando Ferrari \u2013 Vit\u00f3ria\/ES<\/p>\n<p>Hor\u00e1rio: \u00a0S\u00e1bado \u00e0s 21h e Domingo \u00e0s 18h<\/p>\n<p>Classifica\u00e7\u00e3o: Livre<\/p>\n<p>Dura\u00e7\u00e3o: 70 minutos<\/p>\n<p>G\u00eanero: Show de Humor<\/p>\n<p>Inf: 3335-2953 \/ 3029 2765 \/ www.wbproducoes.com<\/p>\n<p>Vendas na bilheteria do Teatro (de 15h \u00e0s 20hs) ou no site www.ingresso.com<\/p>\n<p>Valor:\u00a0 Setor A: R$ 80,00( inteira) , Setor B: R$ 70,00 ( inteira) e Mezanino: R$ 60,00 ( inteira)<\/p>\n<p>&nbsp;<\/p>\n<p>Meia para estudantes, jornalistas, professores da rede p\u00fablica do munic\u00edpio de Vit\u00f3ria e idosos acima de 60 anos.<\/p>\n<p>&nbsp;<\/p>\n<p>CLIENTES <strong>UNIMED VIT\u00d3RIA, SEGUROS UNIMED e ASSINANTES DO JORNAL A GAZETA<\/strong> t\u00eam 50% de\u00a0 desconto em cima do Valor da inteira ( At\u00e9 dois ingressos por cliente).<\/p>\n","protected":false},"excerpt":{"rendered":"<p>NO GOG\u00d3 DO PAULINHO No Gog\u00f3 do Paulinho, solo de stand up do comediante Maur\u00edcio Manfrini traz ao palcos capixabas a hist\u00f3rias de seu personagem de maior sucesso na televis\u00e3o brasileira. Humorista, locutor, dublador e cantor iniciou sua carreira art\u00edstica \u00e0 18 anos ilustrando o imagin\u00e1rio dos ouvintes do programa \u201cPatrulha da Cidade\u201d, na Super [&hellip;]<\/p>\n","protected":false},"author":2,"featured_media":30503,"comment_status":"open","ping_status":"open","sticky":false,"template":"","format":"standard","meta":[],"categories":[21,20,4],"tags":[],"statusdoprojeto":[],"cidadedoespetaculo":[],"acf":[],"_links":{"self":[{"href":"https:\/\/wbproducoes.com\/en\/wp-json\/wp\/v2\/posts\/30474"}],"collection":[{"href":"https:\/\/wbproducoes.com\/en\/wp-json\/wp\/v2\/posts"}],"about":[{"href":"https:\/\/wbproducoes.com\/en\/wp-json\/wp\/v2\/types\/post"}],"author":[{"embeddable":true,"href":"https:\/\/wbproducoes.com\/en\/wp-json\/wp\/v2\/users\/2"}],"replies":[{"embeddable":true,"href":"https:\/\/wbproducoes.com\/en\/wp-json\/wp\/v2\/comments?post=30474"}],"version-history":[{"count":4,"href":"https:\/\/wbproducoes.com\/en\/wp-json\/wp\/v2\/posts\/30474\/revisions"}],"predecessor-version":[{"id":46930,"href":"https:\/\/wbproducoes.com\/en\/wp-json\/wp\/v2\/posts\/30474\/revisions\/46930"}],"wp:featuredmedia":[{"embeddable":true,"href":"https:\/\/wbproducoes.com\/en\/wp-json\/wp\/v2\/media\/30503"}],"wp:attachment":[{"href":"https:\/\/wbproducoes.com\/en\/wp-json\/wp\/v2\/media?parent=30474"}],"wp:term":[{"taxonomy":"category","embeddable":true,"href":"https:\/\/wbproducoes.com\/en\/wp-json\/wp\/v2\/categories?post=30474"},{"taxonomy":"post_tag","embeddable":true,"href":"https:\/\/wbproducoes.com\/en\/wp-json\/wp\/v2\/tags?post=30474"},{"taxonomy":"statusdoprojeto","embeddable":true,"href":"https:\/\/wbproducoes.com\/en\/wp-json\/wp\/v2\/statusdoprojeto?post=30474"},{"taxonomy":"cidadedoespetaculo","embeddable":true,"href":"https:\/\/wbproducoes.com\/en\/wp-json\/wp\/v2\/cidadedoespetaculo?post=30474"}],"curies":[{"name":"wp","href":"https:\/\/api.w.org\/{rel}","templated":true}]}}