{"id":31236,"date":"2016-09-01T14:20:32","date_gmt":"2016-09-01T14:20:32","guid":{"rendered":"http:\/\/wbproducoes.com\/?p=31236"},"modified":"2016-09-05T18:00:53","modified_gmt":"2016-09-05T18:00:53","slug":"o-atormentando","status":"publish","type":"post","link":"https:\/\/wbproducoes.com\/en\/o-atormentando\/","title":{"rendered":"O Atormentando"},"content":{"rendered":"<p>Minist\u00e9rio da Cultura e Lojas Renner<\/p>\n<p>apresentam<\/p>\n<p><strong>Marcelo Serrado<\/strong><\/p>\n<p>na Com\u00e9dia<\/p>\n<p><strong>O ATORmentado<\/strong><br \/>\n\u00c9 um show de humor com o ator Marcelo serrado aonde ele discorre sobre relacionamentos pol\u00edtica ,internet de uma maneira bem humorada! O ator fala sobre o momento atual que o pa\u00eds vive com uma vis\u00e3o divertida e critica&#8230;o tema sobre crian\u00e7as tamb\u00e9m \u00e9 narrado no espet\u00e1culo com muito humor pois o ator foi pai de g\u00eameos e descreve como foi o come\u00e7o de cuidar de dois meninos iguais !<br \/>\nUm espet\u00e1culo que todos ir\u00e3o se identificar e ser ver pois v\u00e1rios temas abordados s\u00e3o comuns a todos!<br \/>\nAo final o ator faz uma intera\u00e7\u00e3o com a plateia com dois improvisos que como o nome j\u00e1 diz cada dia sai de uma maneira.<\/p>\n<p><strong>Ficha t\u00e9cnica:<\/strong><\/p>\n<p>Com Marcelo Serrado<\/p>\n<p>Supervis\u00e3o: Paulinho Serra<\/p>\n<p>Produ\u00e7\u00e3o: Denise Escudero<\/p>\n<p>Realiza\u00e7\u00e3o: WB Produ\u00e7\u00f5es<\/p>\n<p>&nbsp;<\/p>\n<p>SERVI\u00c7O<\/p>\n<p><strong><u>O ATORmentado<\/u><\/strong><\/p>\n<p><strong>Com Marcelo Serrado<\/strong><\/p>\n<p>Local: Teatro Universit\u00e1rio \u2013 UFES \u2013 Av. Fernando Ferrari \u2013 Vit\u00f3ria\/ES<\/p>\n<p>Quando: 01 de Outubro<\/p>\n<p>S\u00e1bado \u00e0s 21h<\/p>\n<p>Classifica\u00e7\u00e3o: 16 anos<\/p>\n<p>Dura\u00e7\u00e3o: 70 minutos<\/p>\n<p>G\u00eanero: Com\u00e9dia\/ Stand up<\/p>\n<p>Inf: 3335-2953 \/ 3029 2765 \/ www.wbproducoes.com<\/p>\n<p>Vendas na bilheteria do Teatro (de 15h \u00e0s 20hs) ou no site <a href=\"http:\/\/www.ingresso.com\">www.ingresso.com<\/a><\/p>\n<p>Valor:\u00a0 T\u00e9rreo: R$80,00 (inteira) e R$40,00 (meia)<\/p>\n<p>Mezanino: R$60,00 (inteira) e R$30,00 (meia)<\/p>\n<p>&nbsp;<\/p>\n<p><strong>\u00a0Assinantes do Jornal A Gazeta tem 50% de desconto em cima do valor da inteira (At\u00e9 dois ingressos por cliente)<\/strong><\/p>\n<p><strong>\u00a0<\/strong><\/p>\n<p>Meia para estudantes, jornalistas, professores da rede p\u00fablica do munic\u00edpio de Vit\u00f3ria e idosos acima de 60 anos.<\/p>\n<p>&nbsp;<\/p>\n","protected":false},"excerpt":{"rendered":"<p>Minist\u00e9rio da Cultura e Lojas Renner apresentam Marcelo Serrado na Com\u00e9dia O ATORmentado \u00c9 um show de humor com o ator Marcelo serrado aonde ele discorre sobre relacionamentos pol\u00edtica ,internet de uma maneira bem humorada! O ator fala sobre o momento atual que o pa\u00eds vive com uma vis\u00e3o divertida e critica&#8230;o tema sobre crian\u00e7as [&hellip;]<\/p>\n","protected":false},"author":2,"featured_media":31247,"comment_status":"open","ping_status":"open","sticky":false,"template":"","format":"standard","meta":[],"categories":[21,20,4],"tags":[],"statusdoprojeto":[],"cidadedoespetaculo":[],"acf":[],"_links":{"self":[{"href":"https:\/\/wbproducoes.com\/en\/wp-json\/wp\/v2\/posts\/31236"}],"collection":[{"href":"https:\/\/wbproducoes.com\/en\/wp-json\/wp\/v2\/posts"}],"about":[{"href":"https:\/\/wbproducoes.com\/en\/wp-json\/wp\/v2\/types\/post"}],"author":[{"embeddable":true,"href":"https:\/\/wbproducoes.com\/en\/wp-json\/wp\/v2\/users\/2"}],"replies":[{"embeddable":true,"href":"https:\/\/wbproducoes.com\/en\/wp-json\/wp\/v2\/comments?post=31236"}],"version-history":[{"count":2,"href":"https:\/\/wbproducoes.com\/en\/wp-json\/wp\/v2\/posts\/31236\/revisions"}],"predecessor-version":[{"id":31246,"href":"https:\/\/wbproducoes.com\/en\/wp-json\/wp\/v2\/posts\/31236\/revisions\/31246"}],"wp:featuredmedia":[{"embeddable":true,"href":"https:\/\/wbproducoes.com\/en\/wp-json\/wp\/v2\/media\/31247"}],"wp:attachment":[{"href":"https:\/\/wbproducoes.com\/en\/wp-json\/wp\/v2\/media?parent=31236"}],"wp:term":[{"taxonomy":"category","embeddable":true,"href":"https:\/\/wbproducoes.com\/en\/wp-json\/wp\/v2\/categories?post=31236"},{"taxonomy":"post_tag","embeddable":true,"href":"https:\/\/wbproducoes.com\/en\/wp-json\/wp\/v2\/tags?post=31236"},{"taxonomy":"statusdoprojeto","embeddable":true,"href":"https:\/\/wbproducoes.com\/en\/wp-json\/wp\/v2\/statusdoprojeto?post=31236"},{"taxonomy":"cidadedoespetaculo","embeddable":true,"href":"https:\/\/wbproducoes.com\/en\/wp-json\/wp\/v2\/cidadedoespetaculo?post=31236"}],"curies":[{"name":"wp","href":"https:\/\/api.w.org\/{rel}","templated":true}]}}