{"id":31293,"date":"2016-09-20T21:42:33","date_gmt":"2016-09-20T21:42:33","guid":{"rendered":"http:\/\/wbproducoes.com\/?p=31293"},"modified":"2016-09-21T21:43:18","modified_gmt":"2016-09-21T21:43:18","slug":"ate-que-o-casamento-nos-separe","status":"publish","type":"post","link":"https:\/\/wbproducoes.com\/en\/ate-que-o-casamento-nos-separe\/","title":{"rendered":"At\u00e9 que o casamento nos separe"},"content":{"rendered":"<p><strong><u>Minist\u00e9rio da Cultura e Lojas Renner apresentam<\/u><\/strong><\/p>\n<p><strong>\u00a0<\/strong><\/p>\n<p><strong>Viviane Ara\u00fajo e Eduardo Martini na com\u00e9dia <\/strong><\/p>\n<p><strong>\u201cAt\u00e9 que o Casamento nos Separe\u201d <\/strong><\/p>\n<p><strong>Dia 08 de Outubro, S\u00e1bado as 21h no Teatro Universit\u00e1rio- Ufes com realiza\u00e7\u00e3o da WB Produ\u00e7\u00f5es.<\/strong><\/p>\n<p><em>Sucesso em S\u00e3o Paulo e Rio de Janeiro, texto de Eduardo Martini e Cris Nicolotti discute rela\u00e7\u00e3o conjugal com muito humor.<\/em><\/p>\n<p>&nbsp;<\/p>\n<p>Nos dias atuais em que os relacionamentos s\u00e3o t\u00e3o ef\u00eameros, durando cada vez menos, em que numa semana o casal est\u00e1 na capa da revista mostrando o come\u00e7o de namoro e na semana seguinte o fim da uni\u00e3o, ficar junto durante 20 anos n\u00e3o \u00e9 tarefa f\u00e1cil.<\/p>\n<p>Esse \u00e9 o ponto de partida para a discuss\u00e3o da com\u00e9dia \u201cAt\u00e9 que o casamento nos separe ,marcando a estreia de Viviane Ara\u00fajo nos palcos , texto de Eduardo Martini e Cris Nicolotti aborda com muito humor assuntos relacionados a qualquer casal: TPM, lua de mel, o sexo, o cotidiano da casa, a divis\u00e3o de tarefas, as brigas e por fim o balan\u00e7o da rela\u00e7\u00e3o!<\/p>\n<p>&nbsp;<\/p>\n<p>Com intelig\u00eancia e romantismo, as intimidades de Ot\u00e1vio (Eduardo Martini) e Maria Eduarda (Viviane Ara\u00fajo), durante 20 anos de vida conjugal, ser\u00e3o expostas numa sequ\u00eancia de momentos hil\u00e1rios como poucas vezes foram t\u00e3o bem colocados num palco teatral.<\/p>\n<p>&nbsp;<\/p>\n<p>\u201cTavinho e Duda, com a maior sinceridade, exp\u00f5em conflitos e contrapontos contados com riqueza de detalhes. A partir de di\u00e1logos diretos, claros, objetivos, a identifica\u00e7\u00e3o do p\u00fablico com os personagens \u00e9 imediato\u201d. Afirma o diretor Eduardo Martini<\/p>\n<p>&nbsp;<\/p>\n<p>Eduardo Martini e Viviane Ara\u00fajo t\u00eam recebido elogios da cr\u00edtica especializada acerca da montagem que estreou em S\u00e3o Paulo. O casal de atores, al\u00e9m de ter uma qu\u00edmica linda em cena, tem lotado os teatros por onde passam. Viviane Ara\u00fajo est\u00e1 estreando em teatro profissional e mostra a que veio depois de um lindo trabalho na TV interpretado a personagem Nan\u00e1 na novela Imp\u00e9rio, que lhe rendeu o pr\u00eamio de atriz revela\u00e7\u00e3o, foi campe\u00e3 do Dan\u00e7a dos Famosos 2015, e campe\u00e3 do reality A Fazenda 5. Eduardo Martini produz, atua, escreve e dirige com qualidades reconhecidas, com carreira cheia de sucessos no teatro e na televis\u00e3o.<\/p>\n<p>&nbsp;<\/p>\n<p><strong><u>\u201cAT\u00c9 QUE O CASAMENTO NOS SEPARE\u201d<\/u><\/strong><\/p>\n<p><strong>\u00a0<\/strong><\/p>\n<p><strong>\u00a0<\/strong><strong>Sinopse<\/strong><\/p>\n<p>Vinte anos juntos. Mas qual a real intimidade de quem divide uma vida por 20 anos? Viviane Ara\u00fajo e Eduardo Martini, dois grandes atores de sua gera\u00e7\u00e3o, s\u00e3o Ot\u00e1vio e Maria Eduarda que com a maior sinceridade abrem sua vida, cheia de situa\u00e7\u00f5es engra\u00e7adas, contrapontos e riqueza de detalhes onde fica absolutamente imposs\u00edvel n\u00e3o se identificar e n\u00e3o morrer de rir. Com intelig\u00eancia e romantismo AT\u00c9 QUE O CASAMENTO NO SEPARE, \u00e9 n\u00e3o s\u00f3 uma grande com\u00e9dia, mas uma sequ\u00eancia de momentos hil\u00e1rios que poucas vezes foram t\u00e3o bem colocados na dramaturgia brasileira. Com suas crises, Tavinho e Duda nos fazem morrer de rir e pensar. Um espet\u00e1culo que prima pela eleg\u00e2ncia e pela dire\u00e7\u00e3o impec\u00e1vel de seus personagens, pela trilha sonora e pela coragem de mostrar como realmente somos entre quatro paredes.<\/p>\n<p>&nbsp;<\/p>\n<p><strong>FICHA T\u00c9CNICA:<\/strong><\/p>\n<p><strong>Texto:<\/strong> Eduardo Martini e Cris Nicolotti<\/p>\n<p><strong>Dire\u00e7\u00e3o:<\/strong> Eduardo Martini<\/p>\n<p><strong>Elenco: <\/strong>Viviane Ara\u00fajo e Eduardo Martini<\/p>\n<p><strong>Cenografia:<\/strong> Eduardo Martini<\/p>\n<p><strong>Ilumina\u00e7\u00e3o:<\/strong> Eduardo Martini e Jarbas Alves<\/p>\n<p><strong>Figurinos e Designer Gr\u00e1fico: <\/strong>Adriana Hitomi<\/p>\n<p><strong>Trilha Sonora:<\/strong> Eduardo Martini<\/p>\n<p><strong>Fotos:<\/strong> Claudia Martini<\/p>\n<p><strong>Operador de Luz:<\/strong> Marcus Filomenus<\/p>\n<p><strong>Operador de Som:<\/strong> Alexandra Rocha<\/p>\n<p><strong>Dire\u00e7\u00e3o de Produ\u00e7\u00e3o e Administra\u00e7\u00e3o:<\/strong> Bira Saide e Valdir Arcanjo<\/p>\n<p><strong>Produ\u00e7\u00e3o: <\/strong>Val Archanjo Produ\u00e7\u00f5es e U.S. Saide Produ\u00e7\u00f5es<\/p>\n<p><strong>Realiza\u00e7\u00e3o:<\/strong>Eduardo Martini Produ\u00e7\u00f5es<\/p>\n<p><strong>Produ\u00e7\u00e3o Local:<\/strong> WB Produ\u00e7\u00f5es<\/p>\n<p>&nbsp;<\/p>\n<p><strong>SERVI\u00c7O:<\/strong><strong>\u00a0<\/strong><em>At\u00e9 que o casamento nos separe<\/em><\/p>\n<p><em>Com Viviane Ara\u00fajo e Eduardo Martini<\/em><\/p>\n<p><strong>Dia: 08 de Outubro<\/strong><\/p>\n<p><strong>Hor\u00e1rios<\/strong>: s\u00e1bado \u00e1s 21h<\/p>\n<p><strong>Classifica\u00e7\u00e3o:<\/strong>14 anos<\/p>\n<p><strong>Dura\u00e7\u00e3o:<\/strong>70 minutos<\/p>\n<p><strong>G\u00eanero: <\/strong>Com\u00e9dia<\/p>\n<p>Inf: 3335-2953 \/ 3029 2765 \/ www.wbproducoes.com<\/p>\n<p>Vendas na bilheteria do Teatro (de 15h \u00e0s 20hs) ou no site <a href=\"http:\/\/www.ingresso.com\">www.ingresso.com<\/a><\/p>\n<p>Valor:\u00a0 T\u00e9rreo: R$80,00 (inteira) e R$40,00 (meia)<\/p>\n<p>Mezanino: R$60,00 (inteira) e R$30,00 (meia)<\/p>\n<p>&nbsp;<\/p>\n<p><strong>\u00a0Assinantes do Jornal A Gazeta tem 50% de desconto em cima do valor da inteira (At\u00e9 dois ingressos por cliente)<\/strong><\/p>\n<p>Meia para estudantes, jornalistas, professores da rede p\u00fablica do munic\u00edpio de Vit\u00f3ria e idosos acima de 60 anos.<\/p>\n<p><strong>\u00a0<\/strong><\/p>\n<p><strong>Curr\u00edculo &#8211; Viviane Ara\u00fajo \u2013 atriz<\/strong><\/p>\n<p>Sua carreira como modelo teve in\u00edcio aos 16 anos,\u00a0com algumas campanhas publicit\u00e1rias e participando de concursos de beleza. Na televis\u00e3o, estreou em 1994, eleita como Garota do\u00a0<a href=\"https:\/\/pt.wikipedia.org\/wiki\/Fant%C3%A1stico\">Fant\u00e1stico<\/a>. Em 1997, participou do concurso que elegeu a nova integrante morena do grupo de Ax\u00e9\u00a0<a href=\"https:\/\/pt.wikipedia.org\/wiki\/%C3%89_o_Tchan\">\u00c9 o Tchan<\/a>, chegando at\u00e9 as semifinais. Fez participa\u00e7\u00f5es em Brava Gente,\u00a0<a href=\"https:\/\/pt.wikipedia.org\/wiki\/Turma_do_Didi\">Turma do Didi<\/a>\u00a0<em>e\u00a0<\/em>Malha\u00e7\u00e3o. Em 1999, ganhou destaque no programa humor\u00edstico\u00a0<a href=\"https:\/\/pt.wikipedia.org\/wiki\/Escolinha_do_Professor_Raimundo\">Escolinha do Professor Raimundo<\/a>, onde interpretou Rosinha<sup>. <\/sup>Em 2004, atuou na miniss\u00e9rie\u00a0<a href=\"https:\/\/pt.wikipedia.org\/wiki\/Um_S%C3%B3_Cora%C3%A7%C3%A3o\">Um S\u00f3 Cora\u00e7\u00e3o<\/a>\u00a0como Eglantine, ao lado de Tarc\u00edsio Meira. De 2005 a 2008 integrou o elenco do programa\u00a0<a href=\"https:\/\/pt.wikipedia.org\/wiki\/Zorra_Total\">Zorra Total<\/a>, fazendo sucesso na pele de Dona Tet\u00ea, no quadro\u00a0<em>O Cart\u00f3rio<\/em>.\u00a0Em 2009, fez uma participa\u00e7\u00e3o na novela\u00a0<a href=\"https:\/\/pt.wikipedia.org\/wiki\/Bela,_a_feia\">Bela, a feia<\/a>, na Rede Record. Desfila no\u00a0<a href=\"https:\/\/pt.wikipedia.org\/wiki\/Carnaval\">carnaval<\/a>\u00a0brasileiro desde 1995 e j\u00e1 desfilou na\u00a0<a href=\"https:\/\/pt.wikipedia.org\/wiki\/GRES_Unidos_da_Tijuca\">Unidos da Tijuca<\/a>,\u00a0<a href=\"https:\/\/pt.wikipedia.org\/wiki\/GRES_Esta%C3%A7%C3%A3o_Primeira_de_Mangueira\">Mangueira<\/a>,\u00a0<a href=\"https:\/\/pt.wikipedia.org\/wiki\/GRES_Caprichosos_de_Pilares\">Caprichosos de Pilares<\/a>,<a href=\"https:\/\/pt.wikipedia.org\/wiki\/GRES_Uni%C3%A3o_de_Jacarepagu%C3%A1\">Uni\u00e3o de Jacarepagu\u00e1<\/a>,\u00a0<a href=\"https:\/\/pt.wikipedia.org\/wiki\/GRES_Inocentes_de_Belford_Roxo\">Inocentes de Belford Roxo<\/a>\u00a0e\u00a0<a href=\"https:\/\/pt.wikipedia.org\/wiki\/GRES_Imp%C3%A9rio_Serrano\">Imp\u00e9rio Serrano<\/a> .Em 2002, estreou como\u00a0<a href=\"https:\/\/pt.wikipedia.org\/wiki\/Madrinha_de_bateria\">rainha de bateria<\/a>\u00a0da escola de samba carioca\u00a0<a href=\"https:\/\/pt.wikipedia.org\/wiki\/GRES_Mocidade_Independente_de_Padre_Miguel\">Mocidade<\/a>, Desde o carnaval de 2008, \u00e9 rainha de bateria da escola de samba\u00a0<a href=\"https:\/\/pt.wikipedia.org\/wiki\/GRES_Acad%C3%AAmicos_do_Salgueiro\">Salgueiro<\/a>, sendo vice-campe\u00e3 naquele ano e campe\u00e3 em 2009.Em <a href=\"https:\/\/pt.wikipedia.org\/wiki\/S%C3%A3o_Paulo\">S\u00e3o Paulo<\/a>, \u00e9 rainha de bateria da\u00a0<a href=\"https:\/\/pt.wikipedia.org\/wiki\/Mancha_Verde\">Mancha Verde<\/a>h\u00e1 oito anos. Viviane Ara\u00fajo tamb\u00e9m foi coroada rainha dos\u00a0<a href=\"https:\/\/pt.wikipedia.org\/wiki\/Gay\">gays<\/a>\u00a0do Brasil em 2008 durante a 12\u00aa edi\u00e7\u00e3o da\u00a0<a href=\"https:\/\/pt.wikipedia.org\/wiki\/Parada_do_Orgulho_GLBT\">Parada do Orgulho GLBT<\/a>, realizada na\u00a0<a href=\"https:\/\/pt.wikipedia.org\/wiki\/Avenida_Paulista\">avenida Paulista<\/a>, em\u00a0<a href=\"https:\/\/pt.wikipedia.org\/wiki\/S%C3%A3o_Paulo\">S\u00e3o Paulo<\/a>. Em 2012, fez uma participa\u00e7\u00e3o especial em um epis\u00f3dio da s\u00e9rie da\u00a0<a href=\"https:\/\/pt.wikipedia.org\/wiki\/Rede_Globo\">Rede Globo<\/a>,\u00a0<a href=\"https:\/\/pt.wikipedia.org\/wiki\/As_Brasileiras\">As Brasileiras<\/a>, no mesmo ano, participou do\u00a0<a href=\"https:\/\/pt.wikipedia.org\/wiki\/Reality_show\">reality show<\/a>\u00a0<a href=\"https:\/\/pt.wikipedia.org\/wiki\/A_Fazenda_5\">A Fazenda 5<\/a>, da\u00a0<a href=\"https:\/\/pt.wikipedia.org\/wiki\/Rede_Record\">Rede Record<\/a>, e venceu o programa com aproximadamente 84% do total de votos do p\u00fablico, o maior percentual registrado entre os ganhadores da atra\u00e7\u00e3o. Viviane recebeu um pr\u00eamio de dois milh\u00f5es de reais. O autor da novela,\u00a0<a href=\"https:\/\/pt.wikipedia.org\/wiki\/Aguinaldo_Silva\">Aguinaldo Silva<\/a>, criou uma personagem para ela na trama de uma novela na Rede Globo-<a href=\"https:\/\/pt.wikipedia.org\/wiki\/Imp%C3%A9rio_(telenovela)\">Imp\u00e9rio<\/a>\u00a0e Viviane interpreta a manicure Nan\u00e1, trabalho que lhe rendeu o trof\u00e9u Revela\u00e7\u00e3o no Pr\u00eamio Extra. Depois desse sucesso todo ainda venceu a dan\u00e7a dos Famosos no programa do Faust\u00e3o em 2015.<\/p>\n<p>&nbsp;<\/p>\n<p><strong>Curr\u00edculo &#8211; Eduardo Martin \u2013 autor, ator e diretor<\/strong><\/p>\n<p>O ator, bailarino, diretor e produtor paulistano Eduardo Martini tem sido visto, desde os 16 anos, atuando, dan\u00e7ando, cantando, dirigindo e produzindo, principalmente nos palcos cariocas. Depois de 10 anos, quando fez o musical &#8216;N\u00e3o Fuja da Raia&#8217;, Martini esteve voltou a S\u00e3o Paulo com a com\u00e9dia &#8216;Na Medida do Poss\u00edvel&#8217;, no Teatro folha e fez um enorme sucesso. Depois de cursar a Actor&#8217;s Studio e a prestigiada Alvin Ailey American Dance Theater de Nova York, o ator se destacou por aqui nos espet\u00e1culos &#8216;Tango, Bolero e Ch\u00e1, Ch\u00e1, Ch\u00e1&#8217;, &#8216;Quem tem medo de It\u00e1lia Fausta&#8217;, Sexo dos Anjos e O\u201d filho da m\u00e3e entre muitos outros. Na TV, fez o apresentador da Gafieira da novela &#8216;O Clone&#8217; al\u00e9m de participa\u00e7\u00f5es na &#8216;Escolinha do Professor Raimundo&#8217; e &#8216;Os Normais&#8217;, trabalhou no programa \u00c9 Show, da Tv Record ao lado de Adriane Galisteu, trazendo ao programa a dramaturgia. Depois de 5 anos ele foi ao encontro de outra loira: Hebe Camargo onde durante 3 anos divertiu a apresentadora e o p\u00fablico com a cria\u00e7\u00e3o da sua NEIDE BOASORTE. <a href=\"http:\/\/www.edumartini.com.br\">www.edumartini.com.br<\/a><\/p>\n<p>&nbsp;<\/p>\n<p><strong>Curr\u00edculo &#8211; Cris Nicolotti \u2013 autora <\/strong><\/p>\n<p>Nascida em Turim na It\u00e1lia, mudou para o Brasil ainda crian\u00e7a. Com uma personalidade inquieta e curiosa busca sempre absorver o m\u00e1ximo sobre tudo. Ainda jovem come\u00e7ou a fazer teatro e se formou em Publicidade e Propaganda pela FAAP, foi coordenadora de produ\u00e7\u00e3o na Ed. Abril, participou da cria\u00e7\u00e3o de revistas infantis e foi autora de textos para teatro e cr\u00f4nicas. Durante alguns anos foi apresentadora do programa de vendas Shop Tour, depois teve um programa de variedades chamado Casa S\u00e3o Paulo, na Rede Mulher. Cris fez trabalhos na Tv em s\u00e9ries e novelas na Band, SBT e Rede Globo. No teatro foi indicada a dois pr\u00eamios como melhor atriz, APCA e Coca Cola. Dirige e atua na TV LOUCOS POR COM\u00c9DIA, pela internet, (seu atual e apaixonante projeto) com uma programa\u00e7\u00e3o di\u00e1ria, grandes atores e aos 50 anos, s\u00f3 pensa em criar mais e ser feliz. <strong>Na Televis\u00e3o<\/strong>; 1988 Chapad\u00e3o do Bugre, 1989 O Cometa, 1990 Brasileiras e Brasileiros,2004 Esmeralda, 2007 Os Amadores, 2008 Por Toda Minha Vida, Maria L\u00facia, 2009 Viver a Vida, 2010 Malha\u00e7\u00e3o, 2012 O Brado Retumbante, 2013 Sangue Bom.<strong>No teatro<\/strong>; 1990 A F\u00e1brica De Brinquedos, 1991Verde Que Te Quero Verde, 1993 \u2013 Rabo De Baleia, P\u00e9 de Jacar\u00e9, 1995 Certa Carmen, 1997 Cuore Ingrato, 1999 N\u00f3s Na Borda do Prato, 2001 O Mist\u00e9rio de Gioconda, 2004 O Mist\u00e9rio de Gioconda, 2005 O Quiproc\u00f3, 2006 A Saga da Bruxa Morgana e o Enigma do Tempo, 2007 Se Piorar Estraga, 2008 At\u00e9 Que o Casamento nos Separe.<\/p>\n<p>&nbsp;<\/p>\n","protected":false},"excerpt":{"rendered":"<p>Minist\u00e9rio da Cultura e Lojas Renner apresentam \u00a0 Viviane Ara\u00fajo e Eduardo Martini na com\u00e9dia \u201cAt\u00e9 que o Casamento nos Separe\u201d Dia 08 de Outubro, S\u00e1bado as 21h no Teatro Universit\u00e1rio- Ufes com realiza\u00e7\u00e3o da WB Produ\u00e7\u00f5es. Sucesso em S\u00e3o Paulo e Rio de Janeiro, texto de Eduardo Martini e Cris Nicolotti discute rela\u00e7\u00e3o conjugal [&hellip;]<\/p>\n","protected":false},"author":2,"featured_media":31295,"comment_status":"open","ping_status":"open","sticky":false,"template":"","format":"standard","meta":[],"categories":[21,20,4],"tags":[],"statusdoprojeto":[],"cidadedoespetaculo":[],"acf":[],"_links":{"self":[{"href":"https:\/\/wbproducoes.com\/en\/wp-json\/wp\/v2\/posts\/31293"}],"collection":[{"href":"https:\/\/wbproducoes.com\/en\/wp-json\/wp\/v2\/posts"}],"about":[{"href":"https:\/\/wbproducoes.com\/en\/wp-json\/wp\/v2\/types\/post"}],"author":[{"embeddable":true,"href":"https:\/\/wbproducoes.com\/en\/wp-json\/wp\/v2\/users\/2"}],"replies":[{"embeddable":true,"href":"https:\/\/wbproducoes.com\/en\/wp-json\/wp\/v2\/comments?post=31293"}],"version-history":[{"count":1,"href":"https:\/\/wbproducoes.com\/en\/wp-json\/wp\/v2\/posts\/31293\/revisions"}],"predecessor-version":[{"id":31300,"href":"https:\/\/wbproducoes.com\/en\/wp-json\/wp\/v2\/posts\/31293\/revisions\/31300"}],"wp:featuredmedia":[{"embeddable":true,"href":"https:\/\/wbproducoes.com\/en\/wp-json\/wp\/v2\/media\/31295"}],"wp:attachment":[{"href":"https:\/\/wbproducoes.com\/en\/wp-json\/wp\/v2\/media?parent=31293"}],"wp:term":[{"taxonomy":"category","embeddable":true,"href":"https:\/\/wbproducoes.com\/en\/wp-json\/wp\/v2\/categories?post=31293"},{"taxonomy":"post_tag","embeddable":true,"href":"https:\/\/wbproducoes.com\/en\/wp-json\/wp\/v2\/tags?post=31293"},{"taxonomy":"statusdoprojeto","embeddable":true,"href":"https:\/\/wbproducoes.com\/en\/wp-json\/wp\/v2\/statusdoprojeto?post=31293"},{"taxonomy":"cidadedoespetaculo","embeddable":true,"href":"https:\/\/wbproducoes.com\/en\/wp-json\/wp\/v2\/cidadedoespetaculo?post=31293"}],"curies":[{"name":"wp","href":"https:\/\/api.w.org\/{rel}","templated":true}]}}