{"id":31726,"date":"2016-10-19T18:15:31","date_gmt":"2016-10-19T18:15:31","guid":{"rendered":"http:\/\/wbproducoes.com\/?p=31726"},"modified":"2016-10-27T14:51:59","modified_gmt":"2016-10-27T14:51:59","slug":"shirley-valentine-3","status":"publish","type":"post","link":"https:\/\/wbproducoes.com\/en\/shirley-valentine-3\/","title":{"rendered":"Uma Shirley Qualquer"},"content":{"rendered":"<p><strong>MINIST\u00c9RIO DA CULTURA E PORTO SEGURO<\/strong><\/p>\n<p><strong>apresentam&#8230;<\/strong><\/p>\n<p><strong>\u00a0SUSANA VIEIRA<\/strong><strong>\u00a0\u00c9 DIRIGIDA POR MIGUEL <\/strong><\/p>\n<p><strong>FALABELLA na com\u00e9dia UMA SHIRLEY QUALQUER<\/strong><\/p>\n<p><strong>\u00a0<\/strong><\/p>\n<p><strong><em>Premiado mon\u00f3logo ingl\u00eas de Willy Russel ganha nova vers\u00e3o brasileira, <\/em><\/strong><\/p>\n<p><strong><em>do pr\u00f3prio Miguel Falabella. Estreia nacional ser\u00e1 em Vit\u00f3ria, no dia 05 de novembro<\/em><\/strong><\/p>\n<p><strong><em>\u00a0<\/em><\/strong><strong><em>\u00a0<\/em><\/strong><\/p>\n<p>A pior solid\u00e3o \u00e9 a que se sente quando se est\u00e1 acompanhado. Atire a primeira pedra quem nunca conversou com as paredes. Elas podem n\u00e3o ser as companheiras mais eloquentes, mas ao menos sabem ouvir, coisa rara hoje em dia. Que o diga Shirley Valentine! Casada, m\u00e3e de dois filhos, ela divide suas ang\u00fastias com a parede, sua companheira de todas as horas. Ela busca entender aonde foram parar seus sonhos, o que aconteceu com sua vida. Quando surge uma oportunidade de conhecer a Gr\u00e9cia com sua melhor amiga, sem a fam\u00edlia, Shirley decide embarcar nessa viagem, uma jornada ao encontro do seu verdadeiro eu. Esse tema universal conquistou plateias do mundo inteiro desde sua estreia, em 1986. Agora a com\u00e9dia <strong>\u2018Uma Shirley Qualquer\u2019<\/strong>, de <strong>Willy Russel<\/strong>, ganha nova montagem brasileira, com <strong>Susana Vieira<\/strong> no papel t\u00edtulo e vers\u00e3o brasileira e dire\u00e7\u00e3o de <strong>Miguel Falabella<\/strong>. A estreia nacional acontece em <strong>Vit\u00f3ria<\/strong>, nos dias <strong>05 e 06 de novembro<\/strong>.<\/p>\n<p>Shirley est\u00e1 cansada da indiferen\u00e7a do marido, Joel, cuja principal preocupa\u00e7\u00e3o \u00e9 saber se ter\u00e1 carne no jantar. Os filhos Milandra e Jorge cresceram e s\u00f3 se lembram da m\u00e3e na hora dos problemas. Quando sua melhor amiga, Wanda, a presenteia com uma viagem para a Gr\u00e9cia, Shirley cria coragem e embarca escondida de Joel. \u00c9 um voo rumo \u00e0 liberdade, \u00e0 possibilidade de reencontro com a menina sonhadora e cheia de vida que Shirley foi um dia. O texto fala do ser humano, daquele instante em que se percebe que o tempo passou e a vida ficou parada em alguma esquina. E mostra que nunca \u00e9 tarde para recome\u00e7ar.<\/p>\n<p><strong>Susana Vieira<\/strong> apaixonou-se pela pe\u00e7a \u00e0 primeira leitura. \u201cQuando <strong>Miguel<\/strong> me entregou o texto, fiquei encantada, fascinada pelo humor da personagem, pela for\u00e7a e coragem que ela tem de ir atr\u00e1s da felicidade. Shirley vai \u00e0 luta. Todas n\u00f3s mulheres temos v\u00e1rias coisas dela, por mais diferentes que possamos ser\u201d, afirma a atriz. Apesar da dureza da vida, Shirley jamais perde o bom humor. E tem a parede e a plateia como seus confidentes. \u201c\u00c9 um mon\u00f3logo, mas n\u00e3o me vejo sozinha em cena, seremos o p\u00fablico e eu\u201d, celebra.<\/p>\n<p>O texto passeia pela com\u00e9dia com muita sutileza, gerando uma identifica\u00e7\u00e3o imediata do p\u00fablico. O original de <strong>Willy<\/strong> <strong>Russel<\/strong>, assim como a vers\u00e3o de <strong>Falabella<\/strong>, traz um olhar afetivo sobre o ser humano e as rela\u00e7\u00f5es familiares, com uma abordagem longe de estere\u00f3tipos, com personagens cheios de verdade e sede de vida, que levam o espectador da gargalhada ao n\u00f3 no peito em segundos. \u201cO humor \u00e9 a forma mais verdadeira e humana de chegar ao cora\u00e7\u00e3o das pessoas\u201d, exalta <strong>Falabella<\/strong>.<\/p>\n<p>A parceria entre a atriz e <strong>Miguel<\/strong> tem uma longa hist\u00f3ria e rendeu um dos maiores sucessos do teatro brasileiro, \u2018A Partilha\u2019 (de 1990), que gerou uma bem sucedida continua\u00e7\u00e3o: \u2018A Vida Passa\u2019. \u201cEu e <strong>Susana<\/strong> tivemos um encontro de vida e estamos sempre juntos, \u00e9 uma festa\u201d, vibra <strong>Falabella<\/strong>. \u201cA minha vida art\u00edstica se divide antes e depois dele. Tenho uma carreira muito feliz, mas, fazendo \u2018A Partilha\u2019, ele nos uniu para sempre. \u00c9 um prazer imenso, porque ele \u00e9 um grande diretor, que tira o que o ator tem de melhor. E, como somos dois comediantes, damos risada de tudo o tempo todo. Temos o mesmo tempo de com\u00e9dia. Somos amigos para sempre\u201d, festeja <strong>Susana<\/strong>.<\/p>\n<p>Ap\u00f3s a estreia em <strong>Vit\u00f3ria<\/strong>, <strong>\u2018Uma Shirley Qualquer\u2019<\/strong> segue para <strong>Belo Horizonte, Campinas, Santos e Porto Alegre<\/strong>, ainda em 2016. No pr\u00f3ximo ano, o espet\u00e1culo chega ao Rio e S\u00e3o Paulo, em uma realiza\u00e7\u00e3o da <strong>Chaim Produ\u00e7\u00f5es<\/strong> em parceria com a <strong>WB Produ\u00e7\u00f5es.<\/strong><\/p>\n<p>&nbsp;<\/p>\n<p><strong>Ficha T\u00e9cnica<\/strong><\/p>\n<p>Vers\u00e3o Brasileira e Dire\u00e7\u00e3o: Miguel Falabella<\/p>\n<p>Produ\u00e7\u00e3o Geral: Sandro Chaim<\/p>\n<p>Cen\u00e1rio: Marco Aur\u00e9lio Pacheco<\/p>\n<p>Figurino: Karla Vivian<\/p>\n<p>Designer de Luz: Adriana Ortiz<\/p>\n<p>Trilha Sonora: S\u00e9rvulo Augusto<\/p>\n<p>Produtor Executivo: Edgard Jord\u00e3o<\/p>\n<p>Realiza\u00e7\u00e3o: Chaim Produ\u00e7\u00f5es<\/p>\n<p>Realiza\u00e7\u00e3o Local: WB Produ\u00e7\u00f5es<\/p>\n<p>&nbsp;<\/p>\n<p><strong><u>SERVI\u00c7O<\/u><\/strong><\/p>\n<p>UMA SHIRLEY QUALQUER<\/p>\n<p>COM\u00a0 SUSANA VIEIRA<\/p>\n<p>TEXTO: WILLY RUSSELL<\/p>\n<p>DIRE\u00c7\u00c3O: MIGUEL FALABELLA<\/p>\n<p>&nbsp;<\/p>\n<p><strong>Quando:<\/strong> 05 de novembro, s\u00e1bado \u00e0s 21 horas e 06 de Novembro, domingo \u00e0s 19 horas<\/p>\n<p><strong>Local:<\/strong> Teatro Universit\u00e1rio \u2013 UFES \u2013 Av. Fernando Ferrari \u2013 Vit\u00f3ria\/ES<\/p>\n<p><strong>Lota\u00e7\u00e3o:<\/strong> 635 lugares<\/p>\n<p><strong>Classifica\u00e7\u00e3o:<\/strong> 14 anos<\/p>\n<p><strong>G\u00eanero:<\/strong> Com\u00e9dia<\/p>\n<p><strong>Dura\u00e7\u00e3o:<\/strong> 75 minutos<\/p>\n<p><strong>Inf:<\/strong> 3335-2953 \/ 3029 2765 \/\u00a0<a href=\"http:\/\/www.wbproducoes.com\/\">www.wbproducoes.com<\/a><\/p>\n<p><strong>Vendas<\/strong> na bilheteria do Teatro (de 15h \u00e0s 20h) ou no site\u00a0<a href=\"http:\/\/www.ingresso.com\/\">www.ingresso.com<\/a><\/p>\n<p>Valor:\u00a0 T\u00e9rreo:\u00a0R$ 100 (inteira) R$ 50 (meia)<\/p>\n<p>Mezanino: R$ 60 (inteira) e R$ 30 ( meia)<\/p>\n<p>Clientes Porto Seguro ter\u00e3o 50% de desconto em cima do valor da inteira (at\u00e9 dois ingressos por cliente)<\/p>\n<p>Meia para estudantes, jornalistas, professores da rede p\u00fablica do munic\u00edpio de Vit\u00f3ria e idosos acima de 60 anos.<\/p>\n","protected":false},"excerpt":{"rendered":"<p>MINIST\u00c9RIO DA CULTURA E PORTO SEGURO apresentam&#8230; \u00a0SUSANA VIEIRA\u00a0\u00c9 DIRIGIDA POR MIGUEL FALABELLA na com\u00e9dia UMA SHIRLEY QUALQUER \u00a0 Premiado mon\u00f3logo ingl\u00eas de Willy Russel ganha nova vers\u00e3o brasileira, do pr\u00f3prio Miguel Falabella. Estreia nacional ser\u00e1 em Vit\u00f3ria, no dia 05 de novembro \u00a0\u00a0 A pior solid\u00e3o \u00e9 a que se sente quando se est\u00e1 [&hellip;]<\/p>\n","protected":false},"author":2,"featured_media":31845,"comment_status":"open","ping_status":"open","sticky":false,"template":"","format":"standard","meta":[],"categories":[21,20,4],"tags":[25,24],"statusdoprojeto":[],"cidadedoespetaculo":[],"acf":[],"_links":{"self":[{"href":"https:\/\/wbproducoes.com\/en\/wp-json\/wp\/v2\/posts\/31726"}],"collection":[{"href":"https:\/\/wbproducoes.com\/en\/wp-json\/wp\/v2\/posts"}],"about":[{"href":"https:\/\/wbproducoes.com\/en\/wp-json\/wp\/v2\/types\/post"}],"author":[{"embeddable":true,"href":"https:\/\/wbproducoes.com\/en\/wp-json\/wp\/v2\/users\/2"}],"replies":[{"embeddable":true,"href":"https:\/\/wbproducoes.com\/en\/wp-json\/wp\/v2\/comments?post=31726"}],"version-history":[{"count":5,"href":"https:\/\/wbproducoes.com\/en\/wp-json\/wp\/v2\/posts\/31726\/revisions"}],"predecessor-version":[{"id":31846,"href":"https:\/\/wbproducoes.com\/en\/wp-json\/wp\/v2\/posts\/31726\/revisions\/31846"}],"wp:featuredmedia":[{"embeddable":true,"href":"https:\/\/wbproducoes.com\/en\/wp-json\/wp\/v2\/media\/31845"}],"wp:attachment":[{"href":"https:\/\/wbproducoes.com\/en\/wp-json\/wp\/v2\/media?parent=31726"}],"wp:term":[{"taxonomy":"category","embeddable":true,"href":"https:\/\/wbproducoes.com\/en\/wp-json\/wp\/v2\/categories?post=31726"},{"taxonomy":"post_tag","embeddable":true,"href":"https:\/\/wbproducoes.com\/en\/wp-json\/wp\/v2\/tags?post=31726"},{"taxonomy":"statusdoprojeto","embeddable":true,"href":"https:\/\/wbproducoes.com\/en\/wp-json\/wp\/v2\/statusdoprojeto?post=31726"},{"taxonomy":"cidadedoespetaculo","embeddable":true,"href":"https:\/\/wbproducoes.com\/en\/wp-json\/wp\/v2\/cidadedoespetaculo?post=31726"}],"curies":[{"name":"wp","href":"https:\/\/api.w.org\/{rel}","templated":true}]}}