{"id":31731,"date":"2016-10-19T18:21:42","date_gmt":"2016-10-19T18:21:42","guid":{"rendered":"http:\/\/wbproducoes.com\/?p=31731"},"modified":"2016-10-19T18:21:42","modified_gmt":"2016-10-19T18:21:42","slug":"o-grande-sucesso-2","status":"publish","type":"post","link":"https:\/\/wbproducoes.com\/en\/o-grande-sucesso-2\/","title":{"rendered":"O Grande Sucesso"},"content":{"rendered":"<p><strong>Minist\u00e9rio da Cultura, Unimed Vit\u00f3ria, Instituto Unimed Vit\u00f3ria e Vivo EnCena<\/strong> apresentam&#8230;<\/p>\n<p>O GRANDE SUCESSO<\/p>\n<p>Com<\/p>\n<p><strong>Alexandre Nero, Carol Panesi, Edith de Camargo, Fernanda Fuchs,<\/strong><\/p>\n<p><strong>Fabio Cardoso, Eliezer Vander Brock, Marco Bravo e Rafael Camargo<\/strong><\/p>\n<p><em>Dias 12 e 13 de novembro, no Teatro Universit\u00e1rio ( UFES)!!<\/em><\/p>\n<p><strong>Alexandre Nero<\/strong> retorna aos palcos com patroc\u00ednio nacional da Vivo e chega a Vit\u00f3ria dentro da oitava edi\u00e7\u00e3o do Circuito Unimed de Teatro com o espet\u00e1culo <em>O Grande Sucesso<\/em>. A pe\u00e7a conta a hist\u00f3ria de um grupo de artistas secund\u00e1rios que esperam na coxia sua vez de entrar em cena. Com trilha musical original cantada e tocada ao vivo, o elenco discorre de maneira filos\u00f3fica e muito bem humorada sobre sucesso e fracasso.<\/p>\n<p>O espet\u00e1culo, que segue em turn\u00ea pelo Brasil, ter\u00e1 duas apresenta\u00e7\u00f5es em Vit\u00f3ria.<\/p>\n<p>Muito antes de representar o Comendador na novela <em>Imp\u00e9rio<\/em>, ou Romero R\u00f4mulo em <em>A Regra do Jogo<\/em>, <strong>Nero<\/strong> j\u00e1 acumulava um trabalho consistente como m\u00fasico, compositor e ator. Natural de Curitiba, Paran\u00e1, foi em sua cidade natal que o ator deu in\u00edcio a carreira art\u00edstica nas bandas Grupo Fato, Banda Maquina\u00edna e Denorex 80.\u00a0Depois de participar de algumas produ\u00e7\u00f5es teatrais, foi no espet\u00e1culo <em>Os Le\u00f5es<\/em>, dirigido por <strong>Nadja Naira<\/strong> (designer de luz neste projeto) que ele despertou aten\u00e7\u00e3o nacional.<\/p>\n<p>Em <em>O Grande Sucesso<\/em>, Nero resgata estas rela\u00e7\u00f5es: no elenco, o time de profissionais \u00e9 quase todo curitibano. O texto foi encomendado pelo ator para o amigo <strong>Diego Fortes<\/strong> (que tamb\u00e9m dirige a pe\u00e7a).<\/p>\n<p><strong>Carmem Jorge<\/strong> (preparadora corporal e core\u00f3grafa), os atores e m\u00fasicos <strong>Rafael Camargo<\/strong>, <strong>Eliezer Vander Brock, Fernanda Fuchs, Fabio Cardoso, Edith de Camargo<\/strong> e o diretor musical <strong>Gilson Fukushima<\/strong> (que j\u00e1 trabalhou com o ator no grupo\u00a0Fato) \u201cs\u00e3o da terrinha\u201d. Integram tamb\u00e9m o elenco os artistas <strong>Carol Panesi <\/strong>e<strong> Marco Bravo<\/strong>.<\/p>\n<p><em>O Grande Sucesso<\/em> acompanha a \u00faltima parte de um espet\u00e1culo que j\u00e1 est\u00e1 acontecendo h\u00e1 tr\u00eas horas. O p\u00fablico faz companhia a um grupo de artistas secund\u00e1rios que esperam na coxia a sua vez de entrar. Nesses bastidores, eles discutem sobre o sucesso e o fracasso da obra apresentada, do ator protagonista Patrick Emanuel e levantam uma s\u00e9rie de quest\u00f5es filos\u00f3ficas, hipot\u00e9ticas e metaf\u00edsicas que v\u00e3o muito al\u00e9m do universo teatral. Entre uma coisa e outra, cantam e dan\u00e7am. Uma <strong>pe\u00e7a bem-humorada<\/strong>, provocativa e que conta com trilha musical original executada ao vivo.<\/p>\n<p>A pe\u00e7a tem tra\u00e7os de conte\u00fados pessoais de Nero, que explica que o projeto \u00e9 uma aventura criativa coletiva: \u201cTodo mundo faz tudo junto e muita coisa acontece das nossas improvisa\u00e7\u00f5es\u201d, conta. O sucesso\u00a0\u00e9 o cerne da pe\u00e7a, mas n\u00e3o se engane: Tudo \u00e9 levado de forma subjetiva, nada \u00f3bvia. &#8220;A gente vive num mundo onde s\u00f3 vale o sucesso, mas para conseguir sucesso voc\u00ea precisa de muitos fracassos&#8221;, sinaliza o ator.<\/p>\n<p>Empresas como a Unimed Vit\u00f3ria, o Instituto Unimed Vit\u00f3ria e a Vivo acreditam que o teatro vai al\u00e9m do espet\u00e1culo e investe na m\u00fasica e nas artes c\u00eanicas como elemento de transforma\u00e7\u00e3o.<\/p>\n<p><strong><u>\u00a0<\/u><\/strong><\/p>\n<p><strong><u>Ficha T\u00e9cnica<\/u><\/strong><\/p>\n<p>Elenco<\/p>\n<p><strong>Alexandre Nero<\/strong><\/p>\n<p><strong>Carol Panesi<\/strong><\/p>\n<p><strong>Edith de Camargo<\/strong><\/p>\n<p><strong>Fernanda Fuchs<\/strong><\/p>\n<p><strong>Fabio Cardoso<\/strong><\/p>\n<p><strong>Eliezer Vander Brock<\/strong><\/p>\n<p><strong>Marco Bravo<\/strong><\/p>\n<p><strong>Rafael Camargo<\/strong><\/p>\n<p><strong>\u00a0<\/strong><\/p>\n<p>Texto e Dire\u00e7\u00e3o:\u00a0<strong>Diego Fortes<\/strong><\/p>\n<p>Dire\u00e7\u00e3o Musical:\u00a0<strong>Gilson Fukushima<\/strong><\/p>\n<p>Prepara\u00e7\u00e3o Corporal e Coreografia:\u00a0<strong>Carmen Jorge<\/strong><\/p>\n<p>Consultoria dramat\u00fargica &#8211;\u00a0<strong>Luci\u00a0Collin<\/strong><\/p>\n<p>Design de Luz:\u00a0<strong>Nadja\u00a0Naira<\/strong><\/p>\n<p>Cenografia:\u00a0<strong>Marco Lima<\/strong><\/p>\n<p>Figurino:\u00a0<strong>Karen\u00a0Brusttolin<\/strong><\/p>\n<p>Confec\u00e7\u00e3o de figurinos e adere\u00e7os: <strong>Paula Accioli<\/strong><\/p>\n<p>Visagismo:\u00a0<strong>Wilson\u00a0Eliodorio\u00a0e Junior Mesquita<\/strong><\/p>\n<p>Fotografia:\u00a0<strong>Priscila Prade<\/strong><\/p>\n<p>Interlocu\u00e7\u00e3o\u00a0art\u00edstica: <strong>Alexandre Nero<\/strong><\/p>\n<p><strong>\u00a0<\/strong><\/p>\n<p>Dire\u00e7\u00e3o de Produ\u00e7\u00e3o: <strong>Priscila Prade<\/strong><\/p>\n<p>Produ\u00e7\u00e3o Executiva: <strong>Bila Bueno<\/strong><\/p>\n<p><strong>Produ\u00e7\u00e3o Local: WB Produ\u00e7\u00f5es<\/strong><\/p>\n<p>Diretor de palco: <strong>Fernando Trauer<\/strong><\/p>\n<p>Assistente de Produ\u00e7\u00e3o: <strong>Thomas Marcondes<\/strong><\/p>\n<p>Roadie:<strong> Marcos Franco<\/strong><\/p>\n<p>Operador de Som:<strong> Eduardo Ohata<\/strong><\/p>\n<p>Operador de Luz: <strong>Ari Nag\u00f4<\/strong><\/p>\n<p>Constru\u00e7\u00e3o de cen\u00e1rio:<strong> Fernando Brettas\u00a0 |\u00a0\u00a0 ONO-ZONE Est\u00fadio<\/strong><\/p>\n<p>Assistente de figurino: <strong>Fernanda Tolen e Ivy Gabriel\u00a0<\/strong><\/p>\n<p>Assistente Visagismo:\u00a0<strong>Max Lima<\/strong><\/p>\n<p>Camareira:<strong> Rosa Passe<\/strong><\/p>\n<p>Assessoria de Imprensa: <strong>Morente Forte<\/strong><\/p>\n<p>Assessoria Jur\u00eddica: <strong>Francez e Alonso Advogados<\/strong><\/p>\n<p>Gest\u00e3o de projeto e lei de incentivo: <strong>Daniela Brusco | O Bixo Produ\u00e7\u00e3o Cultural<\/strong><\/p>\n<p>Conceito Visual: <strong>Tuag\u00eancia Comunica\u00e7\u00e3o<\/strong><\/p>\n<p>Estrat\u00e9gia Digital: <strong>Gigi Prade e Murilo Lima \u00a0| Mugio Magenta Arte e Conte\u00fado<\/strong><\/p>\n<p><strong>\u00a0<\/strong><\/p>\n<p>Realiza\u00e7\u00e3o: <strong>Super Amigos Produ\u00e7\u00f5es Culturais<\/strong><\/p>\n<p><strong><em>\u00a0<\/em><\/strong><\/p>\n<p>Patroc\u00ednio Nacional:<strong> Vivo<\/strong><\/p>\n<p><strong>Patroc\u00ednio Local: Unimed Vit\u00f3ria e Instituto Unimed Vit\u00f3ria.<\/strong><\/p>\n<p>SERVI\u00c7O<\/p>\n<p>8 ED CIRCUITO UNIMED DE TEATRO -2016<\/p>\n<p><strong><u>O GRANDE SUCESSO<\/u><\/strong><\/p>\n<p><strong>Com Alexandre Nero e grande elenco<\/strong><\/p>\n<p><strong>Texto e dire\u00e7\u00e3o: Diego Fortes<\/strong><\/p>\n<p>Local: Teatro Universit\u00e1rio \u2013 UFES \u2013 Av. Fernando Ferrari \u2013 Vit\u00f3ria\/ES<\/p>\n<p>Quando: 12 e 13 de novembro<\/p>\n<p>S\u00e1bado \u00e0s 21h e domingo as 19hs30<\/p>\n<p>Classifica\u00e7\u00e3o: 14 anos<\/p>\n<p>Dura\u00e7\u00e3o: 105 minutos<\/p>\n<p>G\u00eanero: Musical<\/p>\n<p>Inf: 3335-2953 \/ 3029 2765 \/ 99577 0137\/ www.wbproducoes.com<\/p>\n<p>Vendas na bilheteria do Teatro (de 15h \u00e0s 20hs) ou no site <a href=\"http:\/\/www.ingresso.com\">www.ingresso.com<\/a><\/p>\n<p>Valor: T\u00e9rreo: R$100,00 (inteira) e R$50,00 (meia)<\/p>\n<p>Mezanino: R$60,00 (inteira) e R$30,00 (meia)<\/p>\n<p>Meia para estudantes, jornalistas, professores da rede p\u00fablica do munic\u00edpio de Vit\u00f3ria e idosos acima de 60 anos.<\/p>\n<p>Na doa\u00e7\u00e3o de 1 lata de leite em p\u00f3, o ingresso sair\u00e1 pelo valor de meia entrada. O mesmo ser\u00e1 doado a institui\u00e7\u00e3o ALAS ( Associa\u00e7\u00e3o Luterana de Assist\u00eancia Social).<\/p>\n","protected":false},"excerpt":{"rendered":"<p>Minist\u00e9rio da Cultura, Unimed Vit\u00f3ria, Instituto Unimed Vit\u00f3ria e Vivo EnCena apresentam&#8230; O GRANDE SUCESSO Com Alexandre Nero, Carol Panesi, Edith de Camargo, Fernanda Fuchs, Fabio Cardoso, Eliezer Vander Brock, Marco Bravo e Rafael Camargo Dias 12 e 13 de novembro, no Teatro Universit\u00e1rio ( UFES)!! Alexandre Nero retorna aos palcos com patroc\u00ednio nacional da [&hellip;]<\/p>\n","protected":false},"author":2,"featured_media":31722,"comment_status":"open","ping_status":"open","sticky":false,"template":"","format":"standard","meta":[],"categories":[21,20,4],"tags":[23,22],"statusdoprojeto":[],"cidadedoespetaculo":[],"acf":[],"_links":{"self":[{"href":"https:\/\/wbproducoes.com\/en\/wp-json\/wp\/v2\/posts\/31731"}],"collection":[{"href":"https:\/\/wbproducoes.com\/en\/wp-json\/wp\/v2\/posts"}],"about":[{"href":"https:\/\/wbproducoes.com\/en\/wp-json\/wp\/v2\/types\/post"}],"author":[{"embeddable":true,"href":"https:\/\/wbproducoes.com\/en\/wp-json\/wp\/v2\/users\/2"}],"replies":[{"embeddable":true,"href":"https:\/\/wbproducoes.com\/en\/wp-json\/wp\/v2\/comments?post=31731"}],"version-history":[{"count":1,"href":"https:\/\/wbproducoes.com\/en\/wp-json\/wp\/v2\/posts\/31731\/revisions"}],"predecessor-version":[{"id":31732,"href":"https:\/\/wbproducoes.com\/en\/wp-json\/wp\/v2\/posts\/31731\/revisions\/31732"}],"wp:featuredmedia":[{"embeddable":true,"href":"https:\/\/wbproducoes.com\/en\/wp-json\/wp\/v2\/media\/31722"}],"wp:attachment":[{"href":"https:\/\/wbproducoes.com\/en\/wp-json\/wp\/v2\/media?parent=31731"}],"wp:term":[{"taxonomy":"category","embeddable":true,"href":"https:\/\/wbproducoes.com\/en\/wp-json\/wp\/v2\/categories?post=31731"},{"taxonomy":"post_tag","embeddable":true,"href":"https:\/\/wbproducoes.com\/en\/wp-json\/wp\/v2\/tags?post=31731"},{"taxonomy":"statusdoprojeto","embeddable":true,"href":"https:\/\/wbproducoes.com\/en\/wp-json\/wp\/v2\/statusdoprojeto?post=31731"},{"taxonomy":"cidadedoespetaculo","embeddable":true,"href":"https:\/\/wbproducoes.com\/en\/wp-json\/wp\/v2\/cidadedoespetaculo?post=31731"}],"curies":[{"name":"wp","href":"https:\/\/api.w.org\/{rel}","templated":true}]}}