{"id":32439,"date":"2017-04-19T05:21:08","date_gmt":"2017-04-19T05:21:08","guid":{"rendered":"http:\/\/wbproducoes.com\/?p=32439"},"modified":"2017-04-25T16:55:22","modified_gmt":"2017-04-25T16:55:22","slug":"o-musical-mamonas-2","status":"publish","type":"post","link":"https:\/\/wbproducoes.com\/en\/o-musical-mamonas-2\/","title":{"rendered":"O Musical Mamonas"},"content":{"rendered":"<p>MINIST\u00c9RIO DA CULTURA APRESENTA<\/p>\n<p>BB SEGURIDADE APRESENTA E PATROCINA<\/p>\n<p><strong>O MUSICAL MAMONAS<\/strong><\/p>\n<p>Visto por mais de 70 mil pessoas pelo pa\u00eds, \u201cO Musical Mamonas\u201d chega a Vit\u00f3ria.<\/p>\n<p>Escrito por Walter Daguerre e dirigido por Jos\u00e9 Possi Neto, o musical conta a hist\u00f3ria da banda Mamonas Assassinas de forma irreverente como o grupo<\/p>\n<p>O Musical Mamonas chega a Vit\u00f3ria para apresenta\u00e7\u00f5es nos dias 12, 13 e 14 de Maio, no Teatro da UFES. O espet\u00e1culo, que conta a trajet\u00f3ria dos cinco garotos de Guarulhos, j\u00e1 foi visto por mais de 70 mil pessoas, depois de temporadas em S\u00e3o Paulo, Rio de Janeiro e tour por diversas capitais brasileiras. Uma excelente oportunidade para os f\u00e3s relembrarem os shows da banda, que se apresentou em novembro de 1995, em Vit\u00f3ria, alguns meses antes do tr\u00e1gico acidente a\u00e9reo, que interrompeu a carreira mete\u00f3rica dos artistas.<\/p>\n<p>A banda Mamonas Assassinas entrou para a hist\u00f3ria como o maior fen\u00f4meno da ind\u00fastria fonogr\u00e1fica brasileira, tendo vendido mais de tr\u00eas milh\u00f5es de c\u00f3pias no primeiro e \u00fanico disco. O Musical Mamonas relembra essa trajet\u00f3ria impactante sob a dire\u00e7\u00e3o do aclamado Jos\u00e9 Possi Neto.<\/p>\n<p>\u201cA dramaturgia n\u00e3o \u00e9 linear e sim irreverente, como o perfil teatral do Mamonas Assassinas. O olhar dos cinco meninos de Guarulhos est\u00e1 retratado no texto. \u00c9 como se o Dinho, Bento, Samuel, J\u00falio e o S\u00e9rgio contassem a trajet\u00f3ria do grupo desde o tempo em que eram desconhecidos, quando animavam festas de condom\u00ednios, at\u00e9 o reconhecimento nacional\u201d, detalha o autor Walter Daguerre. Para a montagem, o diretor e a produ\u00e7\u00e3o selecionaram 16 profissionais entre 1500 que participaram dos testes para escolha do elenco. Jos\u00e9 Possi Neto destaca que \u201cos Mamonas s\u00e3o herdeiros diretos de Oscarito e Grande Othelo. De Dercy Gon\u00e7alves. Do Velho Guerreiro e dos Trapalh\u00f5es\u201d. Os atores Ruy Brissac, Adriano Tunes, Elcio Bonazzi, Arthur Ienzura e Yudi Tamashiro formam o quinteto que teve uma carreira apote\u00f3tica nos anos 90 e que, num terr\u00edvel acidente a\u00e9reo, h\u00e1 20 anos, deixou a cena pop brasileira. \u201cEu jamais ousaria encenar essa aventura se n\u00e3o encontrasse verdadeiros talentos para encarn\u00e1-los\u201d, revela o diretor.<\/p>\n<p>A ideia de realizar um espet\u00e1culo em homenagem ao Mamonas Assassinas surgiu numa conversa informal entre amigos. \u201cFalei com meus s\u00f3cios T\u00falio Rivad\u00e1via e M\u00e1rcio Sam, que ficaram superempolgados\u201d, detalha Rose Dalney da Miniatura9 Produ\u00e7\u00f5es. Rose conta que o trio n\u00e3o apenas produziu, mas tamb\u00e9m colaborou em todo o processo de elabora\u00e7\u00e3o da trama. Walter Daguerre, o mesmo autor de \u201cJim, o Musical\u201d traz para o texto uma est\u00e9tica de brincadeira que permeia todo o espet\u00e1culo, apresentando a mesma descontra\u00e7\u00e3o e escracho que a banda demonstrava dentro e fora dos palcos. A dire\u00e7\u00e3o de Jos\u00e9 Possi Neto constr\u00f3i uma narrativa n\u00e3o linear como forma de explorar ainda mais o humor. Os figurinos de F\u00e1bio Namatame, entre eles as fantasias de presidi\u00e1rios, Robin e Chapolin, ressaltam a comicidade do musical.<\/p>\n<p>Apresentado e Patrocinado pela BB Seguridade, o espet\u00e1culo tem arranjos in\u00e9ditos e releituras adaptadas, feitos por Miguel Briamonte, diretor musical, que tamb\u00e9m comp\u00f4s can\u00e7\u00f5es originais e par\u00f3dias com a colabora\u00e7\u00e3o de todo o elenco. A banda toca ao vivo no palco e \u00e9 composta por cinco m\u00fasicos, respons\u00e1veis por levar ao cora\u00e7\u00e3o do p\u00fablico sucessos como \u201cVira-Vira\u201d, \u201cRobocop Gay\u201d, \u201cSab\u00e3o Cr\u00e1-Cr\u00e1\u201d e \u201cPelados em Santos\u201d. Vanessa Guillen \u00e9 a respons\u00e1vel pelas coreografias. A luz \u00e9 de Wagner Freire e cen\u00e1rio de Nello Marrense.<\/p>\n<p>Al\u00e9m de acumular diversas indica\u00e7\u00f5es, o espet\u00e1culo conquistou o pr\u00eamio de Melhor Espet\u00e1culo Musical no voto popular pelo \u201cGuia da Folha\u201d, Pr\u00eamio Bibi Ferreira para Ruy Brissac (Dinho) como melhor ator revela\u00e7\u00e3o e Pr\u00eamio Arte Qualidade Brasil, como melhor ator de teatro musical. Tamb\u00e9m no elenco est\u00e1 Yudi Tamashiro, \u00edcone das redes sociais e por sua carreira como apresentador.<\/p>\n<p>Ficha T\u00e9cnica:<br \/>\nTexto &#8211; Walter Daguerre<br \/>\nDire\u00e7\u00e3o Geral &#8211; Jos\u00e9 Possi Neto<br \/>\nDire\u00e7\u00e3o Musical &#8211; Miguel Briamonte<br \/>\nElenco: Ruy Brissac \u2013 Dinho\/ Adriano Tunes \u2013 Julio\/ Yudi Tamashiro \u2013 Bento<br \/>\nElcio Bonazzi \u2013 Samuel\/ Arthur Ienzura \u2013 Sergio\/ Rafael Arag\u00e3o \u2013 Cover Dinho \/ Kadu Veiga \u2013 Rick Bonadio<\/p>\n<p>Ensemble: Vanessa Mello \/ Nina Sato \/ Gabriela Germano \/ Maria Clara Manesco<br \/>\nMarco Azevedo \/ Reginaldo Sama \/ Bernardo Berro \/ Andre Luiz Odin \/ Davi Tostes<br \/>\nCoreografia \u2013 Vanessa Guillen<br \/>\nCen\u00e1rio &#8211; Nello Marrese<br \/>\nFigurinos &#8211; Fabio Namatame<br \/>\nDesigner de Maquiagem e Cabelo \u2013 Anderson Bueno<br \/>\nDesigner de Luz &#8211; Wagner Freire<br \/>\nDesigner de som &#8211; Gabriel D\u2019Angelo<br \/>\nProdutores Associados &#8211; Rose Dalney, M\u00e1rcio Sam e T\u00falio Rivad\u00e1via<\/p>\n<p>Produ\u00e7\u00e3o local: WB Produ\u00e7\u00f5es<\/p>\n<p>Apresentado por Minist\u00e9rio da Cultura<br \/>\nApresentado e Patrocinado por BB Seguridade<br \/>\nRealiza\u00e7\u00e3o &#8211; MINIATURA 9<br \/>\nSERVI\u00c7O<\/p>\n<p>O Musical Mamonas<br \/>\nTeatro: Universit\u00e1rio \u2013 UFES<br \/>\nCapacidade:\u202f 615 pessoas<br \/>\nDias: 12 13 e 14 de Maio.<br \/>\nDias e hor\u00e1rios: SEXTA 21h, SABADO 21h e DOMINGO 18h<br \/>\nDura\u00e7\u00e3o: 150 minutos<br \/>\nClassifica\u00e7\u00e3o indicativa: 12 anos<\/p>\n<p>G\u00eanero:\u202fMusical<\/p>\n<p>Pre\u00e7os:<br \/>\nSETOR 1 \u2013 TERREO \u2013 R$ 120,00 ( Inteira) e R$ 60,00 ( Meia) \u2013 Setor A<br \/>\nSETOR 2 \u2013 TERREO R$ 90,00 ( Inteira) e R$ 45,00 ( Meia) \u2013 Setor B<br \/>\nSETOR 3 \u2013 R$ 50,00 ( Inteira) e R$ 25,00 ( Meia) \u2013 Mezanino<\/p>\n<p>Vendas de ingressos na bilheteria do Teatro (de 15 \u00e0s 20h) ou no site www.tudus.com.br<\/p>\n<p>Informa\u00e7\u00f5es: (27) 3335 2953 \/ (27)3029-2765 wbproducoes.com<\/p>\n<p>Meia para estudantes, jornalistas, professores da rede p\u00fablica do munic\u00edpio de Vit\u00f3ria e idosos acima de 60 anos.<\/p>\n<p>O TEATRO POSSUI:<br \/>\nAcesso para deficientes<br \/>\nAr condicionado<br \/>\nEstacionamento\u202fgr\u00e1tis no local<\/p>\n","protected":false},"excerpt":{"rendered":"<p>MINIST\u00c9RIO DA CULTURA APRESENTA BB SEGURIDADE APRESENTA E PATROCINA O MUSICAL MAMONAS Visto por mais de 70 mil pessoas pelo pa\u00eds, \u201cO Musical Mamonas\u201d chega a Vit\u00f3ria. Escrito por Walter Daguerre e dirigido por Jos\u00e9 Possi Neto, o musical conta a hist\u00f3ria da banda Mamonas Assassinas de forma irreverente como o grupo O Musical Mamonas [&hellip;]<\/p>\n","protected":false},"author":2,"featured_media":32446,"comment_status":"open","ping_status":"open","sticky":false,"template":"","format":"standard","meta":[],"categories":[26,20,4],"tags":[70,71,51],"statusdoprojeto":[],"cidadedoespetaculo":[],"acf":[],"_links":{"self":[{"href":"https:\/\/wbproducoes.com\/en\/wp-json\/wp\/v2\/posts\/32439"}],"collection":[{"href":"https:\/\/wbproducoes.com\/en\/wp-json\/wp\/v2\/posts"}],"about":[{"href":"https:\/\/wbproducoes.com\/en\/wp-json\/wp\/v2\/types\/post"}],"author":[{"embeddable":true,"href":"https:\/\/wbproducoes.com\/en\/wp-json\/wp\/v2\/users\/2"}],"replies":[{"embeddable":true,"href":"https:\/\/wbproducoes.com\/en\/wp-json\/wp\/v2\/comments?post=32439"}],"version-history":[{"count":3,"href":"https:\/\/wbproducoes.com\/en\/wp-json\/wp\/v2\/posts\/32439\/revisions"}],"predecessor-version":[{"id":32448,"href":"https:\/\/wbproducoes.com\/en\/wp-json\/wp\/v2\/posts\/32439\/revisions\/32448"}],"wp:featuredmedia":[{"embeddable":true,"href":"https:\/\/wbproducoes.com\/en\/wp-json\/wp\/v2\/media\/32446"}],"wp:attachment":[{"href":"https:\/\/wbproducoes.com\/en\/wp-json\/wp\/v2\/media?parent=32439"}],"wp:term":[{"taxonomy":"category","embeddable":true,"href":"https:\/\/wbproducoes.com\/en\/wp-json\/wp\/v2\/categories?post=32439"},{"taxonomy":"post_tag","embeddable":true,"href":"https:\/\/wbproducoes.com\/en\/wp-json\/wp\/v2\/tags?post=32439"},{"taxonomy":"statusdoprojeto","embeddable":true,"href":"https:\/\/wbproducoes.com\/en\/wp-json\/wp\/v2\/statusdoprojeto?post=32439"},{"taxonomy":"cidadedoespetaculo","embeddable":true,"href":"https:\/\/wbproducoes.com\/en\/wp-json\/wp\/v2\/cidadedoespetaculo?post=32439"}],"curies":[{"name":"wp","href":"https:\/\/api.w.org\/{rel}","templated":true}]}}