{"id":32441,"date":"2017-04-19T05:22:28","date_gmt":"2017-04-19T05:22:28","guid":{"rendered":"http:\/\/wbproducoes.com\/?p=32441"},"modified":"2017-05-02T20:53:04","modified_gmt":"2017-05-02T20:53:04","slug":"o-escandalo-philippe-dussaert-2","status":"publish","type":"post","link":"https:\/\/wbproducoes.com\/en\/o-escandalo-philippe-dussaert-2\/","title":{"rendered":"O Esc\u00e2ndalo Philippe Dussaert"},"content":{"rendered":"<p><strong>Marcos Caruso<\/strong><strong>\u00a0em<\/strong><\/p>\n<p><strong>&#8220;O Esc\u00e2ndalo Philippe Dussaert&#8221;<\/strong><\/p>\n<p><em>Depois de atuar em mais de 35 pe\u00e7as e escrever outras 10 em mais de 40 anos de carreira, o ator, autor e diretor Marcos Caruso estr\u00e9ia seu primeiro trabalho solo, com temporada de sucesso absoluto de 6 meses no Rio de Janeiro. O espet\u00e1culo coleciona cr\u00edticas positivas e est\u00e1 indicado a todos os principais pr\u00eamios nas categorias &#8220;Melhor Ator&#8221;, &#8221; Melhor Espet\u00e1culo&#8221; e &#8220;Melhor Produ\u00e7\u00e3o&#8221;. Em 2017 parte em sua primeira turn\u00ea pelo Brasil.\u00a0<\/em><\/p>\n<p>In\u00e9dito no Brasil, &#8220;<strong><em>O Esc\u00e2ndalo Philippe Dussaert<\/em><\/strong>&#8220;,premiado texto do\u00a0<strong>ator e dramaturgo franc\u00eas Jacques Mougenot,\u00a0<\/strong>foi o escolhido por Marcos Caruso para ser seu primeiro trabalho solo, depois de mais de 40 anos de uma s\u00f3lida e premiada carreira no teatro, na TV e no cinema.<strong>\u00a0<\/strong><\/p>\n<p>&#8220;<strong><em>O Esc\u00e2ndalo Philippe Dussaert<\/em><\/strong>&#8221;\u00a0\u00e9 um texto que investiga com fino humor\u00a0<strong>os limites da arte contempor\u00e2nea\u00a0<\/strong>e as pol\u00eamicas em torno do assunto, atrav\u00e9s da hist\u00f3ria de um esc\u00e2ndalo do pintor franc\u00eas Philippe Dussaert.<\/p>\n<p>Vencedor do\u00a0<strong>Pr\u00eamio Philippe Avron<\/strong>\u00a0por esta pe\u00e7a, Jacques Mougenot est\u00e1 h\u00e1 quase uma d\u00e9cada em cartaz, ultrapassando a marca das 600 apresenta\u00e7\u00f5es na Fran\u00e7a. O autor tamb\u00e9m ganhou o\u00a0<strong>Pr\u00eamio Moli\u00e8re 2016 de Melhor Espet\u00e1culo Musical<\/strong>\u00a0por sua adapta\u00e7\u00e3o da pe\u00e7a de Georges Feydeau &#8220;<em>LesFianc\u00e9s de Loches<\/em>&#8220;, que transformou num musical com a colabora\u00e7\u00e3o do compositor e diretor Herv\u00e9Devolder.<\/p>\n<p>Nesta pe\u00e7a, o dramaturgo franc\u00eas usa a figura de um pintor contempor\u00e2neo e sua pol\u00eamica carreira para fazer junto ao p\u00fablico uma reflex\u00e3o sobre\u00a0<strong>o que \u00e9 e o que n\u00e3o \u00e9 arte<\/strong>\u00a0\u2013 o tema \u00e9 terreno f\u00e9rtil para infind\u00e1veis controv\u00e9rsias e pol\u00eamicas.<\/p>\n<p><em>\u201cCada vez mais me interesso pelo teatro contempor\u00e2neo. Como autor, diretor ou ator, quero cada vez mais me debru\u00e7ar sobre temas contempor\u00e2neos. \u2018O Esc\u00e2ndalo Philippe Dussaert\u2019 permite uma investiga\u00e7\u00e3o onde ator e plateia, de maneira divertida e surpreendente, desvendam um dos maiores esc\u00e2ndalos da hist\u00f3ria da arte contempor\u00e2nea.\u201d,<\/em>\u00a0afirma Marcos Caruso.<\/p>\n<p><strong>FICHA T\u00c9CNICA<\/strong><\/p>\n<p>Texto: Jacques Mougenot<\/p>\n<p>Tradu\u00e7\u00e3o:\u00a0Marilu de SeixasCorr\u00eaa<\/p>\n<p>Dire\u00e7\u00e3o: Fernando Philbert<\/p>\n<p>Interpreta\u00e7\u00e3o: Marcos Caruso<\/p>\n<p>Dire\u00e7\u00e3o de Produ\u00e7\u00e3o: Carlos Grun<\/p>\n<p>Cen\u00e1rio e Figurino: Natalia Lana<\/p>\n<p>Ilumina\u00e7\u00e3o: Vilmar Olos<\/p>\n<p>Dire\u00e7\u00e3o Musical: Ma\u00edra Freitas<\/p>\n<p>V\u00eddeos: Rico Vilarouca<\/p>\n<p>Uma produ\u00e7\u00e3o \u00a0Bem Legal Produ\u00e7\u00f5es<\/p>\n<p>Idealiza\u00e7\u00e3o: Galeria de Arte CorMovimentoLtda<\/p>\n<p>Produ\u00e7\u00e3o Local: WB Produ\u00e7\u00f5es<\/p>\n<p><strong>SERVI\u00c7O<\/strong><\/p>\n<p><strong>Marcos Caruso<\/strong><strong>\u00a0em<\/strong><\/p>\n<p><strong>&#8220;O Esc\u00e2ndalo Philippe Dussaert&#8221;<\/strong><\/p>\n<p>Dias 20 e 21 de maio<\/p>\n<p>S\u00e1b as 21h, Dom as 18h<\/p>\n<p><strong>Local:<\/strong>\u202fTeatro Universit\u00e1rio \u2013 UFES<\/p>\n<p><strong>Capacidade:<\/strong>\u202f 613 pessoas<br \/>\n<strong>G\u00eanero:\u202f<\/strong>Com\u00e9dia<br \/>\n<strong>Dura\u00e7\u00e3o:<\/strong>\u202f80 min<br \/>\n<strong>Classifica\u00e7\u00e3o et\u00e1ria:<\/strong>\u202f12 anos<br \/>\n<strong>Pre\u00e7os:<\/strong> T\u00e9rreo Setor A R$ 80,00 e R$ 40,00\/ T\u00e9rreo Setor B\u00a0 R$ 70,00 e R$ 35 ,00\/ Mezanino R$ 50,00 e R$ 25,00<br \/>\n<strong>Vendas de ingressos na bilheteria do Teatro (de 15 as 20h) ou no site www.tudus.com.br<\/strong><\/p>\n<p><strong>Informa\u00e7\u00f5es: (27) 3335 2953 <\/strong>\/ <strong>(27)3029-2765 wbproducoes.com<\/strong><\/p>\n<p>Meia para estudantes, jornalistas, professores \u00a0do munic\u00edpio de Vit\u00f3ria e idosos acima de 60 anos.<\/p>\n<p><strong><u>A Sess\u00e3o do dia 21 de maio (Dom as 18hs) ter\u00e1 acessibilidade com Interprete de Libras<\/u><\/strong><\/p>\n","protected":false},"excerpt":{"rendered":"<p>Marcos Caruso\u00a0em &#8220;O Esc\u00e2ndalo Philippe Dussaert&#8221; Depois de atuar em mais de 35 pe\u00e7as e escrever outras 10 em mais de 40 anos de carreira, o ator, autor e diretor Marcos Caruso estr\u00e9ia seu primeiro trabalho solo, com temporada de sucesso absoluto de 6 meses no Rio de Janeiro. O espet\u00e1culo coleciona cr\u00edticas positivas e [&hellip;]<\/p>\n","protected":false},"author":2,"featured_media":32468,"comment_status":"open","ping_status":"open","sticky":false,"template":"","format":"standard","meta":[],"categories":[26,20,4],"tags":[],"statusdoprojeto":[],"cidadedoespetaculo":[],"acf":[],"_links":{"self":[{"href":"https:\/\/wbproducoes.com\/en\/wp-json\/wp\/v2\/posts\/32441"}],"collection":[{"href":"https:\/\/wbproducoes.com\/en\/wp-json\/wp\/v2\/posts"}],"about":[{"href":"https:\/\/wbproducoes.com\/en\/wp-json\/wp\/v2\/types\/post"}],"author":[{"embeddable":true,"href":"https:\/\/wbproducoes.com\/en\/wp-json\/wp\/v2\/users\/2"}],"replies":[{"embeddable":true,"href":"https:\/\/wbproducoes.com\/en\/wp-json\/wp\/v2\/comments?post=32441"}],"version-history":[{"count":2,"href":"https:\/\/wbproducoes.com\/en\/wp-json\/wp\/v2\/posts\/32441\/revisions"}],"predecessor-version":[{"id":32471,"href":"https:\/\/wbproducoes.com\/en\/wp-json\/wp\/v2\/posts\/32441\/revisions\/32471"}],"wp:featuredmedia":[{"embeddable":true,"href":"https:\/\/wbproducoes.com\/en\/wp-json\/wp\/v2\/media\/32468"}],"wp:attachment":[{"href":"https:\/\/wbproducoes.com\/en\/wp-json\/wp\/v2\/media?parent=32441"}],"wp:term":[{"taxonomy":"category","embeddable":true,"href":"https:\/\/wbproducoes.com\/en\/wp-json\/wp\/v2\/categories?post=32441"},{"taxonomy":"post_tag","embeddable":true,"href":"https:\/\/wbproducoes.com\/en\/wp-json\/wp\/v2\/tags?post=32441"},{"taxonomy":"statusdoprojeto","embeddable":true,"href":"https:\/\/wbproducoes.com\/en\/wp-json\/wp\/v2\/statusdoprojeto?post=32441"},{"taxonomy":"cidadedoespetaculo","embeddable":true,"href":"https:\/\/wbproducoes.com\/en\/wp-json\/wp\/v2\/cidadedoespetaculo?post=32441"}],"curies":[{"name":"wp","href":"https:\/\/api.w.org\/{rel}","templated":true}]}}