{"id":34144,"date":"2017-09-19T16:06:41","date_gmt":"2017-09-19T16:06:41","guid":{"rendered":"http:\/\/wbproducoes.com\/?p=34144"},"modified":"2019-09-25T19:08:20","modified_gmt":"2019-09-25T19:08:20","slug":"minha-mae-e-uma-peca","status":"publish","type":"post","link":"https:\/\/wbproducoes.com\/en\/minha-mae-e-uma-peca\/","title":{"rendered":"Minha M\u00e3e \u00e9 Uma Pe\u00e7a"},"content":{"rendered":"<p><strong>PAULO GUSTAVO VOLTA \u00c0 VIT\u00d3RIA COM SEU ACLAMADO ESPET\u00c1CULO<\/strong><\/p>\n<p><strong>Minha M\u00e3e \u00c9 Uma Pe\u00e7a<\/strong><\/p>\n<p>A pe\u00e7a que reestreia em luxuosa remontagem chega em Vit\u00f3ria no dia 28 de Setembro.<\/p>\n<p>Onze anos ap\u00f3s sua estreia, \u201cMinha M\u00e3e \u00c9 Uma Pe\u00e7a\u201d volta aos palcos. A remontagem vem para brindar e comemorar a brilhante trajet\u00f3ria de Dona Herm\u00ednia, personagem que conquistou todo o pa\u00eds e que j\u00e1 levou mais de 2 milh\u00f5es de espectadores aos teatros e 15 milh\u00f5es de espectadores aos cinemas de todo o Brasil, com os filmes Minha M\u00e3e \u00c9 Uma Pe\u00e7a 1 e 2. &nbsp;Nessa reedi\u00e7\u00e3o, chamou-se o aclamado cen\u00f3grafo Z\u00e9 Carratu, que imprimiu sua sofistica\u00e7\u00e3o a nova ambienta\u00e7\u00e3o da pe\u00e7a e a figurinista Reka Koves, que trouxe a contemporaneidade ao visual da personagem. A ilumina\u00e7\u00e3o \u00e9 de Marcos Olivio, um craque, e a trilha sonora renovou-se na antiga e ultra bem sucedida parceria com Z\u00e9 Ricardo. A dire\u00e7\u00e3o continua com o talentos\u00edssimo Jo\u00e3o Fonseca, premiado diretor de in\u00fameros sucessos do teatro brasileiro, parceiro j\u00e1 de longa data do Paulo em diversos trabalhos. Quem assina esse extraordin\u00e1rio texto e d\u00e1 vida a fulgurante Dona Herm\u00ednia, personagem com rara carga de humanidade, fator que gera identifica\u00e7\u00e3o maci\u00e7a do p\u00fablico, \u00e9 o ator Paulo Gustavo, que consegue eletrizar o p\u00fablico com a mais perfeita tradu\u00e7\u00e3o da personagem que ele mesmo criou.<\/p>\n<p>O Espet\u00e1culo:<\/p>\n<p>Em princ\u00edpio, todo o texto que aborde de maneira sens\u00edvel as rela\u00e7\u00f5es familiares, especialmente de pais e filhos, j\u00e1 tende a garantir uma identifica\u00e7\u00e3o com a plateia. Contudo, Paulo Gustavo transcende os estere\u00f3tipos e clich\u00eas e com um olhar agudo, acessa de forma sens\u00edvel o delicado e muito bem-humorado universo de Dona Herm\u00ednia. O ator ao adentrar nos meandros e melindres de Dona Herm\u00ednia e sua fam\u00edlia, captados no texto, mas, sobretudo, nos jeitos e trejeitos dessa M\u00e3e, est\u00e1 falando de todas as fam\u00edlias brasileiras.<\/p>\n<p>Mais ainda, a pe\u00e7a fala de afeto, de la\u00e7os familiares que superam \u201centreveros\u201d e \u201cconfus\u00f5es\u201d. Dona Herm\u00ednia \u00e9 uma mulher madura, aposentada e sozinha, cuja maior ocupa\u00e7\u00e3o \u00e9 justamente procurar o que fazer, uma vez que seus filhos est\u00e3o crescendo e n\u00e3o precisam mais de seus cuidados e broncas. \u00c9 este o universo da personagem que, na falta de trabalho e romance e entre uma conversa e outra com a tia idosa, a vizinha fofoqueira e a irm\u00e3 confidente, ainda precisa manter a sua condi\u00e7\u00e3o de m\u00e3e \u00e0s voltas e preocupada com problemas dos filhos.<\/p>\n<p>O que pode faltar em \u201csimpatia\u201d a Dona Herm\u00ednia, sobra em gra\u00e7a. A personagem \u00e9 divertid\u00edssima. Bom para a plateia; afinal, rir dessas mulheres \u00e9 um bom modo de n\u00e3o enlouquecer junto com elas.<\/p>\n<p>Para este espet\u00e1culo, Paulo Gustavo, trouxe \u00e0 tona a espantosa bagagem de suas experi\u00eancias e observa\u00e7\u00f5es dom\u00e9sticas, compondo com elas um espectro dos humores femininos, gestos, trejeitos, falas, atitudes, achaques e ataques, oferecendo uma minuciosa observa\u00e7\u00e3o do cotidiano brasileiro que resultou numa com\u00e9dia especialmente sens\u00edvel e bastante divertida.<strong>&nbsp;<\/strong><\/p>\n<p><strong>Ficha T\u00e9cnica<\/strong><\/p>\n<p><strong>Texto e Interpreta\u00e7\u00e3o:<\/strong>&nbsp;Paulo Gustavo<\/p>\n<p><strong>Dire\u00e7\u00e3o:<\/strong>&nbsp;Jo\u00e3o Fonseca<\/p>\n<p><strong>Cen\u00e1rio&nbsp;<\/strong>\u2013 Z\u00e9 Carratu<\/p>\n<p><strong>Figurinos&nbsp;<\/strong>\u2013 Reka Koves<\/p>\n<p><strong>Ilumina\u00e7\u00e3o<\/strong>&nbsp;&#8211;&nbsp; Marcus Olivio<\/p>\n<p><strong>Trilha sonora<\/strong>&nbsp;\u2013 Z\u00e9 Ricardo<\/p>\n<p><strong>Produ\u00e7\u00e3o executiva<\/strong>&nbsp;\u2013 Diogo Canto<\/p>\n<p><strong>Dire\u00e7\u00e3o de Produ\u00e7\u00e3o:&nbsp;<\/strong>Claudio Tizo<\/p>\n<p><strong>Realiza\u00e7\u00e3o:<\/strong>&nbsp;WB Produ\u00e7\u00f5es<\/p>\n<p><strong>Servi\u00e7o<\/strong><\/p>\n<p><strong>Minha M\u00e3e \u00c9 Uma Pe\u00e7a<\/strong><\/p>\n<p><strong>Com Paulo Gustavo<\/strong><\/p>\n<p>Dia 28 de Setembro<\/p>\n<p>Quinta-Feira \u00e0s 19h e 21h30<\/p>\n<p><strong>Local:<\/strong>\u202fArena Vit\u00f3ria<\/p>\n<p><strong>Capacidade:<\/strong>\u202f 2735 pessoas<br \/>\n<strong>G\u00eanero:\u202f<\/strong>Com\u00e9dia<br \/>\n<strong>Dura\u00e7\u00e3o:<\/strong>\u202f65 min<br \/>\n<strong>Classifica\u00e7\u00e3o et\u00e1ria:<\/strong>\u202fLivre<\/p>\n<p><strong>Pre\u00e7os &#8211; SESS\u00c3O DAS 19H<\/strong><\/p>\n<p><strong><u>Cadeiras Quadra<\/u><\/strong><\/p>\n<p>Diamante \u2013 140 lugares \u2013 R$ 150,00 ( inteira)<\/p>\n<p>Ouro \u2013 420 lugares \u2013 R$ 130,00 ( inteira)<\/p>\n<p>Prata \u2013 280 lugares \u2013 R$ 110,00 ( inteira)<\/p>\n<p>Bronze &#8211; 528 lugares \u2013 R$ 100,00 ( inteira)<\/p>\n<p>Total Cadeiras: 1.368 lugares<\/p>\n<p><strong><u>Arquibancadas<\/u><\/strong><\/p>\n<p>Central A \u2013 180 lugares \u2013 R$ 80,00 ( inteira)<\/p>\n<p>Central B \u2013 661 lugares &#8211; R$ 80,00 ( inteira)<\/p>\n<p>Central C \u2013 666 lugares &#8211; R$ 80,00 ( inteira)<\/p>\n<p>Cadeirantes arquibancada B \u2013 3 lugares \u2013 R$ 80,00 ( inteira)<\/p>\n<p>Cadeirantes arquibancada C \u2013 3 lugares \u2013 R$ 80,00 ( inteira)<\/p>\n<p>Total arquibancada: 1513 lugares<\/p>\n<p><strong><u><br \/>\n<\/u>Pre\u00e7os &#8211; SESS\u00c3O EXTRA &#8211; 21H30<u><br \/>\n<\/u><\/strong>Hor\u00e1rio Nobre &#8211; 2\u00b0 Lote<\/p>\n<p><strong><u>Cadeiras Quadra<\/u><\/strong><\/p>\n<p>Diamante \u2013 140 lugares \u2013 R$ 160,00 ( inteira)<\/p>\n<p>Ouro \u2013 420 lugares \u2013 R$ 150,00 ( inteira)<\/p>\n<p>Prata \u2013 280 lugares \u2013 R$ 140,00 ( inteira)<\/p>\n<p>Bronze &#8211; 528lugares \u2013 R$ 120,00 ( inteira)<\/p>\n<p>Total Cadeiras: 1.368 lugares<\/p>\n<p><strong><u>Arquibancadas<\/u><\/strong><\/p>\n<p>Central A \u2013 180 lugares \u2013 R$ 100,00 ( inteira)<\/p>\n<p>Central B \u2013 661 lugares &#8211; R$ 100,00 ( inteira)<\/p>\n<p>Central C \u2013 666 lugares &#8211; R$ 100,00 ( inteira)<\/p>\n<p>Cadeirantes arquibancada B \u2013 3 lugares \u2013 R$ 100,00 ( inteira)<\/p>\n<p>Cadeirantes arquibancada C \u2013 3 lugares \u2013 R$ 100,00 ( inteira)<\/p>\n<p>Total arquibancada: 1513 lugares<\/p>\n<p><strong><u>=&gt; Pontos de venda:<\/u><\/strong><\/p>\n<p><strong><u>Site:&nbsp;<\/u><\/strong><a href=\"http:\/\/www.eventim.com.br\"><strong>www.eventim.com.br<\/strong><\/a><\/p>\n<p><strong><u>Locais fixos: Arena Vit\u00f3ria e Lojas Bahamas.<\/u><\/strong><\/p>\n<p><strong><u><br \/>\n<\/u><\/strong>Formas de pagamento poss\u00edveis:<br \/>\nPara compras realizadas atrav\u00e9s do site&nbsp;<a href=\"http:\/\/www.eventim.com.br\/\">www.eventim.com.br<\/a>&nbsp;aceitamos como formas de pagamento somente os cart\u00f5es de cr\u00e9dito VISA, MasterCard, Diners, American Express e ELO.<br \/>\nPara compras em Pontos de Venda e Bilheterias, aceitamos como forma de pagamento dinheiro, al\u00e9m dos cart\u00f5es de d\u00e9bito e cr\u00e9dito VISA, MasterCard, Diners, American Express e ELO.<\/p>\n<p><strong>&nbsp;<\/strong><\/p>\n<p><strong>Informa\u00e7\u00f5es: (27) 3029-2765&nbsp;<\/strong><\/p>\n<p>Arena Vit\u00f3ria: 27 3227-3703<\/p>\n<p><strong>MAPA DE ASSENTOS<\/strong><\/p>\n<p><strong><a href=\"https:\/\/d1mcpktd27z5n0.cloudfront.net\/cdn\/wbproducoes\/site\/2017\/06\/27015950\/Mapa-MACRO-Minha-m%C3%A3e-%C3%A9-uma-pe%C3%A7a-01.jpg\" rel=\"attachment wp-att-33112\"><img decoding=\"async\" loading=\"lazy\" class=\"alignnone size-medium wp-image-33112\" src=\"https:\/\/d1mcpktd27z5n0.cloudfront.net\/cdn\/wbproducoes\/site\/2017\/06\/27015950\/Mapa-MACRO-Minha-m%C3%A3e-%C3%A9-uma-pe%C3%A7a-01.jpg\" alt=\"Mapa MACRO - Minha m\u00e3e \u00e9 uma pe\u00e7a-01\" width=\"300\" height=\"212\" srcset=\"https:\/\/d1mcpktd27z5n0.cloudfront.net\/cdn\/wbproducoes\/site\/2017\/06\/27015950\/Mapa-MACRO-Minha-m%C3%A3e-%C3%A9-uma-pe%C3%A7a-01.jpg 4961w, https:\/\/d1mcpktd27z5n0.cloudfront.net\/cdn\/wbproducoes\/site\/2017\/06\/27015950\/Mapa-MACRO-Minha-m%C3%A3e-%C3%A9-uma-pe%C3%A7a-01-300x212.jpg 300w, https:\/\/d1mcpktd27z5n0.cloudfront.net\/cdn\/wbproducoes\/site\/2017\/06\/27015950\/Mapa-MACRO-Minha-m%C3%A3e-%C3%A9-uma-pe%C3%A7a-01-768x543.jpg 768w, https:\/\/d1mcpktd27z5n0.cloudfront.net\/cdn\/wbproducoes\/site\/2017\/06\/27015950\/Mapa-MACRO-Minha-m%C3%A3e-%C3%A9-uma-pe%C3%A7a-01-1024x724.jpg 1024w, https:\/\/d1mcpktd27z5n0.cloudfront.net\/cdn\/wbproducoes\/site\/2017\/06\/27015950\/Mapa-MACRO-Minha-m%C3%A3e-%C3%A9-uma-pe%C3%A7a-01-120x85.jpg 120w\" sizes=\"(max-width: 300px) 100vw, 300px\" \/><\/a>&nbsp;<\/strong><\/p>\n<p><strong>CARREIRA DO ATOR<\/strong><\/p>\n<p><u>O SURTO<\/u><\/p>\n<p>Sua estreia oficial nos palcos foi em 2004, na pe\u00e7a \u201cO Surto\u201d, um grande sucesso da \u00e9poca. Paulo criou um esquete inspirado na pr\u00f3pria m\u00e3e, a personagem Dona Herm\u00ednia, que logo caiu no gosto do p\u00fablico e j\u00e1 apontava para o sucesso estrondoso que viria.<\/p>\n<p><u>INFRATURAS<\/u><\/p>\n<p>Em 2005, mesmo ano em que se formou na CAL, Paulo monta a pe\u00e7a \u201cInfraturas\u201d, junto com seu amigo e colega F\u00e1bio Porchat. A pe\u00e7a foi dirigida por Malu Valle e ficou um ano em cartaz na Casa da G\u00e1vea \u2013 RJ.<\/p>\n<p><u>MINHA M\u00c3E \u00c9 UMA PE\u00c7A<\/u><\/p>\n<p>Em 2006 monta sozinho seu pr\u00f3prio espet\u00e1culo. O mon\u00f3logo, concebido e escrito pelo ator, \u00e9 inspirado na pr\u00f3pria m\u00e3e, a personagem Dona Herm\u00ednia. A pe\u00e7a logo se torna um sucesso e j\u00e1 foi vista por mais de 2 milh\u00f5es de pessoas.<\/p>\n<p><u>PR\u00caMIO SHELL<\/u><\/p>\n<p>No mesmo ano em que estreia \u201cMinha M\u00e3e \u00c9 Uma Pe\u00e7a\u201d, Paulo \u00e9 indicado ao Pr\u00eamio Shell de \u201cMelhor Ator\u201d.<\/p>\n<p><u>S\u00cdTIO DO PICA PAU AMARELO<\/u><\/p>\n<p>Em 2007 faz o \u201cDelegado Lupic\u00ednio\u201d no cl\u00e1ssico infantil produzido pela TV Globo. A personagem escondia um segredo (era o Lobisomem).<\/p>\n<p><u>A GUERRA DOS ROCHAS<\/u><\/p>\n<p>Em 2008 faz uma participa\u00e7\u00e3o na com\u00e9dia do diretor Jorge Fernando como \u201cFuncion\u00e1rio\u201d.<\/p>\n<p><u>DIV\u00c3 (FILME)<\/u><\/p>\n<p>Em 2009 o ator interpreta o cabelereiro \u201cRen\u00e9\u201d, amigo e confidente da personagem \u201cMercedes\u201d, vivida pela atriz L\u00edlia Cabral. O filme foi um grande sucesso e deu origem a s\u00e9rie produzida dois anos depois pela TV Globo.<\/p>\n<p><u>XUXA EM O MIST\u00c9RIO DE FEIURINHA (FILME)<\/u><\/p>\n<p>Faz uma participa\u00e7\u00e3o no infanto-juvenil como \u201cCaio Lacaio\u201d.<\/p>\n<p><u>HIPERATIVO<\/u><\/p>\n<p>Em 2010 estreia seu segundo espet\u00e1culo. Na pe\u00e7a, em formato de stand-up comedy, o ator conta hist\u00f3rias engra\u00e7adas, de situa\u00e7\u00f5es ins\u00f3litas que j\u00e1 viveu e faz piadas de sentimentos para l\u00e1 de humanos, que todos n\u00f3s temos, pelo menos em algum momento da vida, como; medos, paranoias e todos os que cercam os relacionamentos de um modo geral. O espet\u00e1culo ficou seis anos em cartaz e viajou por todo o Brasil.<\/p>\n<p><u>DIV\u00c3 (S\u00c9RIE)<\/u><\/p>\n<p>Em 2011 co-protagoniza a s\u00e9rie produzida pela TV Globo, o ator repete o sucesso dos cinemas vivendo o cabelereiro Ren\u00e9. O bord\u00e3o \u201crepica, Ren\u00e9\u201d \u00e9 uma marca da personagem.<\/p>\n<p><u>220 VOLTS<\/u><\/p>\n<p>Em 2011 ganha seu pr\u00f3prio programa de TV no canal Multishow. Em formato de esquetes, escrito por ele e Fil Braz, o programa trouxe ao p\u00fablico novas personagens, como \u201cSenhora dos Absurdos\u201d, \u201cMulher Feia\u201d e \u201cO Nerd\u201d, dentre tantos outros. O programa foi l\u00edder de audi\u00eancia no hor\u00e1rio exibido (Tv a cabo) e reposicionou o canal como um dos l\u00edderes de audi\u00eancia da Tv paga, da mesma forma que abriu as portas para uma s\u00e9rie de outros programas de humor. 220\u00ba Volts teve 4 temporadas e em todas foi l\u00edder de audi\u00eancia. O programa deixou saudades e uma legi\u00e3o de f\u00e3s que pediam mais uma temporada, sendo assim, em 2016, Paulo Gustavo gravou a 5\u00aa e \u00faltima temporada, em edi\u00e7\u00e3o especial.<\/p>\n<p><u>MINHA M\u00c3E \u00c9 UMA PE\u00c7A \u2013 O FILME<\/u><\/p>\n<p>\u201cMinha M\u00e3e \u00c9 Uma Pe\u00e7a\u201d estreia nas telonas em 2013. O filme fica em primeiro lugar de bilheteria dentre os filmes nacionais, com 4,7 milh\u00f5es de espectadores e \u00e9 eleito o \u201cMelhor Filme do Ano\u201d.<\/p>\n<p><u><\/u><u>VAI QUE COLA (S\u00c9RIE)<\/u><\/p>\n<p>Em 2013 o ator entra em cena como \u201cValdomiro Lacerda\u201d. O sitcom, produzido pelo canal Multishow, se passa na pens\u00e3o da Dona J\u00f4, onde todos querem ser \u201cespertos\u201d. O programa foi um fen\u00f4meno e bateu todos os recordes, ficando em primeiro lugar de audi\u00eancia de toda a da TV paga. Hoje o programa j\u00e1 est\u00e1 na 5\u00aa temporada e segue como um dos maiores \u00edndices de audi\u00eancia da Tv paga.<\/p>\n<p><u><\/u><u>PAULO GUSTAVO NA ESTRADA<\/u><\/p>\n<p>O reality show foi ao ar em 2014 e acompanhava o ator em sua turn\u00ea pelo pa\u00eds com as pe\u00e7as \u201cHiperativo\u201d e \u201cMinha M\u00e3e \u00c9 Uma Pe\u00e7a\u201d. O programa teve 13 epis\u00f3dios, cada um rodado em uma cidade, e se valeu de encontros inusitados, como com a presidente Dilma Rousseff em Bras\u00edlia e Caetano Veloso em Belo Horizonte.<\/p>\n<p><u>220 VOLTS (PE\u00c7A)<\/u><\/p>\n<p>O espet\u00e1culo estreou em 2014 e levou para os palcos as personagens femininas da s\u00e9rie de TV. Contando com uma produ\u00e7\u00e3o luxuosa, grande elenco e corpo de bailarinos, a pe\u00e7a, em estilo musical, remete aos grandes espet\u00e1culos da Broadway.<\/p>\n<p><u>OS HOMENS S\u00c3O DE MARTE E \u00c9 PARA L\u00c1 QUE EU VOU<\/u><\/p>\n<p>Em 2014 atuou no filme de sua grande amiga e parceira, a atriz M\u00f4nica Martelli. Paulo fez o \u201cAn\u00edbal\u201d, melhor amigo e s\u00f3cio da solteirona e sonhadora Fernanda, vivida pela atriz.<\/p>\n<p><u><\/u><u>DVD HIPERATIVO (GRAVA\u00c7\u00c3O)<\/u><\/p>\n<p>Em outubro de 2014 o ator fez duas apresenta\u00e7\u00f5es apote\u00f3ticas no HSBC Arena (RJ) para a grava\u00e7\u00e3o do DVD. Os ingressos colocados \u00e0 venda foram vendido em poucas horas e, com um p\u00fablico de dez mil espectadores por noite, o espet\u00e1culo foi transmitido ao vivo pelo Multishow, ficando em primeiro lugar de audi\u00eancia do canal.<\/p>\n<p><u>DVD HIPERATIVO (LAN\u00c7AMENTO)<\/u><\/p>\n<p>Em mar\u00e7o de 2015 lan\u00e7a no mesmo HSBC Arena o DVD do \u201cHiperativo\u201d. O ator ganha seu primeiro disco de platina, pelas 50 mil c\u00f3pias vendidas, antes mesmo do DVD chegar \u00e0s lojas.<\/p>\n<p><u><\/u><u>MINHA M\u00c3E \u00c9 UMA PE\u00c7A (LIVRO)<\/u><\/p>\n<p>Tamb\u00e9m em mar\u00e7o de 2015 lan\u00e7a o livro \u201cMinha M\u00e3e \u00c9 Uma Pe\u00e7a\u201d.&nbsp; A publica\u00e7\u00e3o conta hist\u00f3rias in\u00e9ditas, acrescenta \u201cdicas\u201d de Dona Herm\u00ednia e cont\u00e9m fotos e ilustra\u00e7\u00f5es. O livro ficou entre os dez mais vendidos da livraria Saraiva.<\/p>\n<p><u>VAI QUE COLA (FILME)<\/u><\/p>\n<p>A s\u00e9rie de tanto sucesso chega aos cinemas em outubro de 2015 e foi o filme mais aguardado do ano, tamb\u00e9m sendo um fen\u00f4meno de bilheteria.<\/p>\n<p><u>MINHA M\u00c3E \u00c9 UMA PE\u00c7A 2 (FILME)<\/u><\/p>\n<p>Lan\u00e7ado em dezembro de 2016, fez 10 milh\u00f5es de espectadores, sendo um dos maiores recordes da hist\u00f3ria do cinema nacional. O filme \u00e9 um estrondoso sucesso e hoje est\u00e1 em primeiro lugar de loca\u00e7\u00e3o do canal Now, da NET Tv<\/p>\n<p><u>Espet\u00e1culo \u201cOnline\u201d<\/u><\/p>\n<p>\u201cOnline\u201d estreou em novembro de 2016 e fala da&nbsp;<em>hiperconectividade&nbsp;<\/em>dos tempos atuais. A pe\u00e7a procura dar conta deste novo regime de vida que marca nosso tempo, no qual as barreiras de tempo e espa\u00e7o encontram-se cada vez mais embaralhadas. De um modo bem-humorado, procura refletir sobre a obriga\u00e7\u00e3o de estarmos o tempo todo \u201cpresentes\u201d e atuantes em v\u00e1rios planos da realidade, que em outros tempos n\u00e3o estariam t\u00e3o pr\u00f3ximos f\u00edsica e temporalmente. A pe\u00e7a segue em cartaz e viajando por todo o pa\u00eds.<\/p>\n<p>No presente momento o ator grava seu mais novo projeto para o canal Multishow, intitulado \u201cA Vila\u201d e com estreia prevista para agosto de 2017. Em A Vila, Paulo Gustavo ser\u00e1 um ex-palha\u00e7o de um circo falido, que mora num trailer estacionado numa simp\u00e1tica vila, onde tamb\u00e9m habitam e transitam os mais hil\u00e1rios personagens.<\/p>\n","protected":false},"excerpt":{"rendered":"<p>PAULO GUSTAVO VOLTA \u00c0 VIT\u00d3RIA COM SEU ACLAMADO ESPET\u00c1CULO Minha M\u00e3e \u00c9 Uma Pe\u00e7a A pe\u00e7a que reestreia em luxuosa remontagem chega em Vit\u00f3ria no dia 28 de Setembro. Onze anos ap\u00f3s sua estreia, \u201cMinha M\u00e3e \u00c9 Uma Pe\u00e7a\u201d volta aos palcos. A remontagem vem para brindar e comemorar a brilhante trajet\u00f3ria de Dona Herm\u00ednia, [&hellip;]<\/p>\n","protected":false},"author":2,"featured_media":33957,"comment_status":"open","ping_status":"open","sticky":false,"template":"","format":"standard","meta":[],"categories":[26,20,4],"tags":[74,72,73],"statusdoprojeto":[],"cidadedoespetaculo":[],"acf":[],"_links":{"self":[{"href":"https:\/\/wbproducoes.com\/en\/wp-json\/wp\/v2\/posts\/34144"}],"collection":[{"href":"https:\/\/wbproducoes.com\/en\/wp-json\/wp\/v2\/posts"}],"about":[{"href":"https:\/\/wbproducoes.com\/en\/wp-json\/wp\/v2\/types\/post"}],"author":[{"embeddable":true,"href":"https:\/\/wbproducoes.com\/en\/wp-json\/wp\/v2\/users\/2"}],"replies":[{"embeddable":true,"href":"https:\/\/wbproducoes.com\/en\/wp-json\/wp\/v2\/comments?post=34144"}],"version-history":[{"count":2,"href":"https:\/\/wbproducoes.com\/en\/wp-json\/wp\/v2\/posts\/34144\/revisions"}],"predecessor-version":[{"id":46896,"href":"https:\/\/wbproducoes.com\/en\/wp-json\/wp\/v2\/posts\/34144\/revisions\/46896"}],"wp:featuredmedia":[{"embeddable":true,"href":"https:\/\/wbproducoes.com\/en\/wp-json\/wp\/v2\/media\/33957"}],"wp:attachment":[{"href":"https:\/\/wbproducoes.com\/en\/wp-json\/wp\/v2\/media?parent=34144"}],"wp:term":[{"taxonomy":"category","embeddable":true,"href":"https:\/\/wbproducoes.com\/en\/wp-json\/wp\/v2\/categories?post=34144"},{"taxonomy":"post_tag","embeddable":true,"href":"https:\/\/wbproducoes.com\/en\/wp-json\/wp\/v2\/tags?post=34144"},{"taxonomy":"statusdoprojeto","embeddable":true,"href":"https:\/\/wbproducoes.com\/en\/wp-json\/wp\/v2\/statusdoprojeto?post=34144"},{"taxonomy":"cidadedoespetaculo","embeddable":true,"href":"https:\/\/wbproducoes.com\/en\/wp-json\/wp\/v2\/cidadedoespetaculo?post=34144"}],"curies":[{"name":"wp","href":"https:\/\/api.w.org\/{rel}","templated":true}]}}