{"id":34153,"date":"2017-09-19T16:27:19","date_gmt":"2017-09-19T16:27:19","guid":{"rendered":"http:\/\/wbproducoes.com\/?p=34153"},"modified":"2017-09-19T16:27:19","modified_gmt":"2017-09-19T16:27:19","slug":"quixotinadas","status":"publish","type":"post","link":"https:\/\/wbproducoes.com\/en\/quixotinadas\/","title":{"rendered":"Quixotinadas"},"content":{"rendered":"<p>E as comemora\u00e7\u00f5es dos 80 anos do Banestes t\u00eam mais um atrativo cultural no dia 7 de outubro. \u00c0s 18 horas, antes de \u201cSuassuna \u2013 O Autor do Reino do Sol\u201d, quem for para a Pra\u00e7a do Papa ter\u00e1 a oportunidade de assistir ao musical \u201cQuixotinada\u201d, estrelado pelo grupo de teatro capixaba Vira Lata.<\/p>\n<p>\u00c9 uma adapta\u00e7\u00e3o do grupo ao texto do autor pernambucano Silvio Roberto de Oliveira, tendo como base a extraordin\u00e1ria figura de D. Quixote, criada por Miguel de Cervantes. A dire\u00e7\u00e3o \u00e9 de Cleverson Guerrera e traz m\u00fasicas cantadas e tocadas ao vivo.<\/p>\n<p><strong>\u201cQUIXOTINADAS\u201d<\/strong><\/p>\n<p>Grupo Vira Lata de Teatro<\/p>\n<p>Data: 07 de Outubro<\/p>\n<p>Local: Pra\u00e7a do Papa, Enseada do Su\u00e1, Vit\u00f3ria<\/p>\n<p>Hor\u00e1rio: 18 horas<\/p>\n<p>G\u00eanero: Musical<\/p>\n<p>Entrada gratuita<\/p>\n<p><strong>\u00a0<\/strong><\/p>\n<p><strong>Ficha t\u00e9cnica<\/strong><\/p>\n<p>Texto original: Silvio Roberto de Oliveira<\/p>\n<p>Adapta\u00e7\u00e3o do texto: Grupo Vira Lata de Teatro<\/p>\n<p>Dire\u00e7\u00e3o geral: Cleverson Guerrera<\/p>\n<p>Dire\u00e7\u00e3o musical e prepara\u00e7\u00e3o vocal: Patr\u00edcia Eug\u00eanio<\/p>\n<p>Prepara\u00e7\u00e3o musical (Percuss\u00e3o): Edson Nascimento<\/p>\n<p>M\u00fasico: Lucas Gon\u00e7alves<\/p>\n<p>Sonoplastia e percuss\u00e3o: Bresiana Saldanha<\/p>\n<p>Prepara\u00e7\u00e3o de dan\u00e7as populares: Marcos Silva<\/p>\n<p>Coreografia: Cleverson Guerrera<\/p>\n<p>Assessoria no treinamento de atores: Wyller Villa\u00e7as<\/p>\n<p>Concep\u00e7\u00e3o de Luz: Natan Dias e Sabrina Rocon<\/p>\n<p>Opera\u00e7\u00e3o de Luz: Bruno Silva<\/p>\n<p>Cen\u00e1rio: Natan Dias e Cleverson Guerrera<\/p>\n<p>Figurino: Meiriele Goltara, Rafaela Concei\u00e7\u00e3o e Cleverson Guerrera<\/p>\n<p>Croqui: Bruno Silva e Lucas Gon\u00e7alves<\/p>\n<p>Foto Divulga\u00e7\u00e3o: C.A.C. Casas de Artes Campaneli<\/p>\n<p>Design Gr\u00e1fico: Bresiana Saldanha<\/p>\n<p>Equipe de Imagem: Giulia Bravo e Raquel Camatta<\/p>\n<p>Staff: Andressa Felicio, Bruno Silva e Cleverson Guerrera<\/p>\n<p>Produ\u00e7\u00e3o Executiva do Grupo: Sabrina Rocon<\/p>\n<p>&nbsp;<\/p>\n<p><strong>Elenco<\/strong><\/p>\n<p>Dom Quixote: Othoniel Cibien (ator convidado)<\/p>\n<p>Sancho Pan\u00e7a: Rafaela Concei\u00e7\u00e3o<\/p>\n<p>Quel\u00e9: Natan Dias<\/p>\n<p>Arauto\/Noiva: Sabrina Rocon<\/p>\n<p>Arauto\/Vaqueiro: Danieli Borgoni<\/p>\n<p>Autor\/Retirante: Jaqueline Loureiro<\/p>\n<p>Maria Bonita\/Pai da Mo\u00e7a: Meiriele Goltara<\/p>\n","protected":false},"excerpt":{"rendered":"<p>E as comemora\u00e7\u00f5es dos 80 anos do Banestes t\u00eam mais um atrativo cultural no dia 7 de outubro. \u00c0s 18 horas, antes de \u201cSuassuna \u2013 O Autor do Reino do Sol\u201d, quem for para a Pra\u00e7a do Papa ter\u00e1 a oportunidade de assistir ao musical \u201cQuixotinada\u201d, estrelado pelo grupo de teatro capixaba Vira Lata. \u00c9 [&hellip;]<\/p>\n","protected":false},"author":2,"featured_media":34155,"comment_status":"open","ping_status":"open","sticky":false,"template":"","format":"standard","meta":[],"categories":[26,20,4],"tags":[82,88],"statusdoprojeto":[],"cidadedoespetaculo":[],"acf":[],"_links":{"self":[{"href":"https:\/\/wbproducoes.com\/en\/wp-json\/wp\/v2\/posts\/34153"}],"collection":[{"href":"https:\/\/wbproducoes.com\/en\/wp-json\/wp\/v2\/posts"}],"about":[{"href":"https:\/\/wbproducoes.com\/en\/wp-json\/wp\/v2\/types\/post"}],"author":[{"embeddable":true,"href":"https:\/\/wbproducoes.com\/en\/wp-json\/wp\/v2\/users\/2"}],"replies":[{"embeddable":true,"href":"https:\/\/wbproducoes.com\/en\/wp-json\/wp\/v2\/comments?post=34153"}],"version-history":[{"count":1,"href":"https:\/\/wbproducoes.com\/en\/wp-json\/wp\/v2\/posts\/34153\/revisions"}],"predecessor-version":[{"id":34156,"href":"https:\/\/wbproducoes.com\/en\/wp-json\/wp\/v2\/posts\/34153\/revisions\/34156"}],"wp:featuredmedia":[{"embeddable":true,"href":"https:\/\/wbproducoes.com\/en\/wp-json\/wp\/v2\/media\/34155"}],"wp:attachment":[{"href":"https:\/\/wbproducoes.com\/en\/wp-json\/wp\/v2\/media?parent=34153"}],"wp:term":[{"taxonomy":"category","embeddable":true,"href":"https:\/\/wbproducoes.com\/en\/wp-json\/wp\/v2\/categories?post=34153"},{"taxonomy":"post_tag","embeddable":true,"href":"https:\/\/wbproducoes.com\/en\/wp-json\/wp\/v2\/tags?post=34153"},{"taxonomy":"statusdoprojeto","embeddable":true,"href":"https:\/\/wbproducoes.com\/en\/wp-json\/wp\/v2\/statusdoprojeto?post=34153"},{"taxonomy":"cidadedoespetaculo","embeddable":true,"href":"https:\/\/wbproducoes.com\/en\/wp-json\/wp\/v2\/cidadedoespetaculo?post=34153"}],"curies":[{"name":"wp","href":"https:\/\/api.w.org\/{rel}","templated":true}]}}