{"id":36729,"date":"2018-04-27T21:47:44","date_gmt":"2018-04-27T21:47:44","guid":{"rendered":"http:\/\/wbproducoes.com\/?p=36729"},"modified":"2018-04-27T21:47:44","modified_gmt":"2018-04-27T21:47:44","slug":"allan-kardec-um-olhar-para-eternidade-3","status":"publish","type":"post","link":"https:\/\/wbproducoes.com\/en\/allan-kardec-um-olhar-para-eternidade-3\/","title":{"rendered":"Allan Kardec &#8211; Um Olhar Para a Eternidade"},"content":{"rendered":"<p style=\"margin: 0cm 0cm 7.5pt 0cm;\"><span style=\"font-size: 10.5pt; color: #333333;\">Minist\u00e9rio da Cultura e WB Produ\u00e7\u00f5es<br style=\"box-sizing: border-box;\" \/> apresentam o espet\u00e1culo<\/span><\/p>\n<p style=\"box-sizing: border-box; font-variant-ligatures: normal; font-variant-caps: normal; orphans: 2; text-align: start; widows: 2; -webkit-text-stroke-width: 0px; text-decoration-style: initial; text-decoration-color: initial; word-spacing: 0px; margin: 0cm 0cm 7.5pt 0cm;\"><strong style=\"box-sizing: border-box;\"><span style=\"font-size: 10.5pt; color: #333333;\">\u201cALLAN KARDEC- Um olhar para a Eternidade\u201d<\/span><\/strong><\/p>\n<p style=\"box-sizing: border-box; font-variant-ligatures: normal; font-variant-caps: normal; orphans: 2; text-align: start; widows: 2; -webkit-text-stroke-width: 0px; text-decoration-style: initial; text-decoration-color: initial; word-spacing: 0px; margin: 0cm 0cm 7.5pt 0cm;\"><span style=\"font-size: 10.5pt; color: #333333;\">Sucesso de p\u00fablico nos teatros do Brasil h\u00e1 17 anos, o espet\u00e1culo teatral<span class=\"apple-converted-space\"><b>\u00a0<\/b><\/span><strong>\u201cAllan Kardec \u2013<\/strong><span class=\"apple-converted-space\"><b>\u00a0<\/b><\/span><em style=\"box-sizing: border-box;\"><b>Um Olhar para a Eternidade<\/b><\/em><strong>\u201d<\/strong><span class=\"apple-converted-space\">\u00a0<\/span>chega pela primeira vez em Vit\u00f3ria ES, com dire\u00e7\u00e3o de Ana Rosa, j\u00e1 realizou mais de 1.000 apresenta\u00e7\u00f5es, com mais de meio milh\u00e3o de espectadores.<\/span><\/p>\n<p style=\"box-sizing: border-box; font-variant-ligatures: normal; font-variant-caps: normal; orphans: 2; text-align: start; widows: 2; -webkit-text-stroke-width: 0px; text-decoration-style: initial; text-decoration-color: initial; word-spacing: 0px; margin: 0cm 0cm 7.5pt 0cm;\"><span style=\"font-size: 10.5pt; color: #333333;\">A maioria do elenco se divide entre dois, tr\u00eas ou mais personagens e faz isso com maestria. No palco, a atriz \u00c9rica Collares, tamb\u00e9m produtora do espet\u00e1culo, vive a m\u00e9dium Gertrudes Laforgue e Am\u00e9lie Gabrielle Boudet (esposa de Allan Kardec). \u201c<em style=\"box-sizing: border-box;\">A hist\u00f3ria de Am\u00e9lie e Kardec \u00e9 muito bonita. Eles eram companheiros em uma vida passada e se reencontram no s\u00e9culo XIX. Foi amor \u00e0 primeira vista. Eram filhos \u00fanicos, n\u00e3o tiveram filhos, e estavam unidos na miss\u00e3o do espiritismo. Foram destinados a isso<\/em>\u201d, conta \u00c9rica.<\/span><\/p>\n<p style=\"box-sizing: border-box; font-variant-ligatures: normal; font-variant-caps: normal; orphans: 2; text-align: start; widows: 2; -webkit-text-stroke-width: 0px; text-decoration-style: initial; text-decoration-color: initial; word-spacing: 0px; margin: 0cm 0cm 7.5pt 0cm;\"><span style=\"font-size: 10.5pt; color: #333333;\">J\u00e1 Ana Carolina Rainha tem entre os seus pap\u00e9is de destaque: a m\u00e3e de Allan Kardec, Madame Rivail, a Madame Plaine maison e a amiga de Kardec Justine Frenard.\u00a0 Figuras fundamentais na transi\u00e7\u00e3o de Allan Kardec. \u201c<em style=\"box-sizing: border-box;\">A primeira pessoa esp\u00edrita que ele tem contato \u00e9 com a culta e fina Madame Plaine maison. Ele a visita pretendendo desmascar\u00e1-la, mas Allan receber\u00e1 uma mensagem do al\u00e9m, que o far\u00e1 mudar radicalmente e come\u00e7ar a codifica\u00e7\u00e3o do espiritismo<\/em>\u201d, esclarece Ana Carolina.Outros integrantes do elenco s\u00e3o Claudio Gardin- que interpreta o Professor Fortier, o Padre cat\u00f3lico e o tio Maurice -e Antonio Pina, como o Mago Lacazze, o Professor Pestalozzi, o m\u00e9dium Jean Paul e o<span class=\"apple-converted-space\">\u00a0<\/span><em style=\"box-sizing: border-box;\">Esp\u00edrito da Verdade<\/em>.<\/span><\/p>\n<p style=\"box-sizing: border-box; font-variant-ligatures: normal; font-variant-caps: normal; orphans: 2; text-align: start; widows: 2; -webkit-text-stroke-width: 0px; text-decoration-style: initial; text-decoration-color: initial; word-spacing: 0px; margin: 0cm 0cm 7.5pt 0cm;\"><span style=\"font-size: 10.5pt; color: #333333;\">Sob a dire\u00e7\u00e3o de Ana Rosa, uma das maiores atrizes do pa\u00eds, o espet\u00e1culo pretende alcan\u00e7ar um p\u00fablico ecl\u00e9tico, formado por simpatizantes dos assuntos espirituais, por aqueles que buscam respostas \u00e0s suas indaga\u00e7\u00f5es e por pessoas que simplesmente acreditam na eternidade da alma. Nesta pe\u00e7a, a curiosidade pelos assuntos espirituais est\u00e1 ligada ao objetivo da equipe em contar boas hist\u00f3rias, de fazer um bom espet\u00e1culo e atender ao p\u00fablico que procura um trabalho s\u00e9rio e verdadeiro.<\/span><\/p>\n<p style=\"box-sizing: border-box; font-variant-ligatures: normal; font-variant-caps: normal; orphans: 2; text-align: start; widows: 2; -webkit-text-stroke-width: 0px; text-decoration-style: initial; text-decoration-color: initial; word-spacing: 0px; margin: 0cm 0cm 7.5pt 0cm;\"><em style=\"box-sizing: border-box;\"><span style=\"font-size: 10.5pt; color: #333333;\">\u201cEstou muito entusiasmada. Primeiro, por se tratar da vida e obra de Allan Kardec, j\u00e1 conhecido por n\u00f3s atrav\u00e9s de suas obras b\u00e1sicas. Segundo, porque o texto de Paulo Afonso de Lima \u00e9 uma obra de arte, tanto em termos de pesquisa como de teatralidade. E terceiro,por orquestrar o talento e sensibilidade de atores como Rog\u00e9rio Fabiano, \u00c9rica Collares, Antonio Pina, Ana Carolina Rainha e Claudio Gardin, exerc\u00edcio que me revigora \u2013 como atriz que sou \u2013 e me entusiasma como diretora a cada ensaio\u201d<\/span><\/em><span style=\"font-size: 10.5pt; color: #333333;\">, frisa Ana Rosa, esp\u00edrita praticante h\u00e1 mais de 30 anos e dirige os espet\u00e1culos de sucesso \u201cO C\u00e2ndido Chico Xavier\u201d e \u201cVioletas na janela\u201d, ambos em cartaz h\u00e1 15 anos. Ana subiu ao palco pela primeira vez com apenas 15 dias de idade, em um espet\u00e1culo em sua cidade natal, Promiss\u00e3o (SP). E em 1997, ela entrou para o<span class=\"apple-converted-space\">\u00a0<\/span><em style=\"box-sizing: border-box;\">Guiness Book<\/em><span class=\"apple-converted-space\">\u00a0<\/span>como a atriz recordista em participa\u00e7\u00e3o de telenovelas, recorde que mant\u00e9m at\u00e9 hoje.<\/span><\/p>\n<p style=\"box-sizing: border-box; font-variant-ligatures: normal; font-variant-caps: normal; orphans: 2; text-align: start; widows: 2; -webkit-text-stroke-width: 0px; text-decoration-style: initial; text-decoration-color: initial; word-spacing: 0px; margin: 0cm 0cm 7.5pt 0cm;\"><strong style=\"box-sizing: border-box;\"><span style=\"font-size: 10.5pt; color: #333333;\">Informa\u00e7\u00f5es:<\/span><\/strong><b><span style=\"font-size: 10.5pt; color: #333333;\"><br style=\"box-sizing: border-box;\" \/> <\/span><\/b><span style=\"font-size: 10.5pt; color: #333333;\">\u201cAllan Kardec \u2013 Um olhar para a eternidade\u201d.<br style=\"box-sizing: border-box;\" \/> Dura\u00e7\u00e3o: 80 Minutos.<br style=\"box-sizing: border-box;\" \/> Censura livre.<br style=\"box-sizing: border-box;\" \/> Veja mais em:<span class=\"apple-converted-space\">\u00a0<\/span><a style=\"box-sizing: border-box;\" href=\"https:\/\/www.allan-kard3c.blogspot.com.br\/\"><span style=\"color: #337ab7;\">http:\/\/www.allan-kard3c.blogspot.com.br<\/span><\/a><\/span><\/p>\n<p style=\"box-sizing: border-box; font-variant-ligatures: normal; font-variant-caps: normal; orphans: 2; text-align: start; widows: 2; -webkit-text-stroke-width: 0px; text-decoration-style: initial; text-decoration-color: initial; word-spacing: 0px; margin: 0cm 0cm 7.5pt 0cm;\"><strong style=\"box-sizing: border-box;\"><span style=\"font-size: 10.5pt; color: #333333;\">FICHA T\u00c9CNICA<\/span><\/strong><b><span style=\"font-size: 10.5pt; color: #333333;\"><br style=\"box-sizing: border-box;\" \/> <em style=\"box-sizing: border-box;\">Texto:<\/em><\/span><\/b><span class=\"apple-converted-space\"><i><span style=\"font-size: 10.5pt; color: #333333;\">\u00a0<\/span><\/i><\/span><em><span style=\"font-size: 10.5pt; color: #333333;\">Paulo Afonso de Lima.<\/span><\/em><i><span style=\"font-size: 10.5pt; color: #333333;\"><br style=\"box-sizing: border-box;\" \/> <em style=\"box-sizing: border-box;\"><b>Dire\u00e7\u00e3o:<\/b><\/em><span class=\"apple-converted-space\">\u00a0<\/span><em>Ana Rosa.<\/em><br style=\"box-sizing: border-box;\" \/> <em style=\"box-sizing: border-box;\"><b>Elenco:<\/b><\/em><span class=\"apple-converted-space\"><b>\u00a0<\/b><\/span><em style=\"box-sizing: border-box;\">Rog\u00e9rio Fabiano, \u00c9rica Collares, Antonio Pina, Ana Carolina Rainha e Claudio Gardin.<\/em><br style=\"box-sizing: border-box;\" \/> <em style=\"box-sizing: border-box;\"><b>Dire\u00e7\u00e3o de Arte e Luz<\/b>: Guillermo Luis.<\/em><br style=\"box-sizing: border-box;\" \/> <em style=\"box-sizing: border-box;\"><b>Ilumina\u00e7\u00e3o:<\/b><\/em><span class=\"apple-converted-space\">\u00a0<\/span><em>Carlos Alberto Boschini.<\/em><br style=\"box-sizing: border-box;\" \/> <em style=\"box-sizing: border-box;\"><b>Operador de Luz e V\u00eddeos<\/b>: Marcelo Pirillo.<\/em><br style=\"box-sizing: border-box;\" \/> <em style=\"box-sizing: border-box;\"><b>Cen\u00e1rio, figurinos e adere\u00e7os:<\/b><\/em><span class=\"apple-converted-space\">\u00a0<\/span><em>Francisco Emanuel Leite.<\/em><br style=\"box-sizing: border-box;\" \/> <em style=\"box-sizing: border-box;\"><b>Assessoria de imprensa:<\/b><\/em><span class=\"apple-converted-space\">\u00a0<\/span><em>Val\u00e9ria Souza.<\/em><br style=\"box-sizing: border-box;\" \/> <em style=\"box-sizing: border-box;\"><b>Produ\u00e7\u00e3o:<\/b><\/em><span class=\"apple-converted-space\">\u00a0<\/span><em>WB Produ\u00e7\u00f5es<\/em><\/span><\/i><\/p>\n<p style=\"box-sizing: border-box; font-variant-ligatures: normal; font-variant-caps: normal; orphans: 2; text-align: start; widows: 2; -webkit-text-stroke-width: 0px; text-decoration-style: initial; text-decoration-color: initial; word-spacing: 0px; margin: 0cm 0cm 7.5pt 0cm;\"><em style=\"box-sizing: border-box;\"><span style=\"font-size: 10.5pt; color: #333333;\">\u00a0<\/span><\/em><strong style=\"box-sizing: border-box;\"><span style=\"font-size: 10.5pt; color: #333333;\">Servi\u00e7o:<\/span><\/strong><b><span style=\"font-size: 10.5pt; color: #333333;\"><br style=\"box-sizing: border-box;\" \/> <strong style=\"box-sizing: border-box;\">\u201cALLAN KARDEC-Um Olhar para a Eternidade\u201d<\/strong><br style=\"box-sizing: border-box;\" \/> <strong style=\"box-sizing: border-box;\">Datas<\/strong><span class=\"apple-converted-space\">\u00a0<\/span><\/span><\/b><span style=\"font-size: 10.5pt; color: #333333;\">\u2013 26 e 27 de maio<br style=\"box-sizing: border-box;\" \/> S\u00e1bado, \u00e0s 21h<br style=\"box-sizing: border-box;\" \/> Domingo, \u00e0s 18h<br style=\"box-sizing: border-box;\" \/> <strong style=\"box-sizing: border-box;\">Local:<\/strong><span class=\"apple-converted-space\">\u00a0<\/span>Teatro Universit\u00e1rio \u2013 UFES<br style=\"box-sizing: border-box;\" \/> <strong style=\"box-sizing: border-box;\">Endere\u00e7o:<\/strong><span class=\"apple-converted-space\">\u00a0<\/span>Av. Fernando Ferrari, 514 \u2013 Campus da UFES.<br style=\"box-sizing: border-box;\" \/> <strong style=\"box-sizing: border-box;\">Vendas:<\/strong><span class=\"apple-converted-space\"><b>\u00a0<\/b><\/span>tudus.com.br ou na bilheteria do teatro de 15h as 20h.<strong style=\"box-sizing: border-box;\">\u00a0<\/strong><\/span><\/p>\n<p style=\"box-sizing: border-box; font-variant-ligatures: normal; font-variant-caps: normal; orphans: 2; text-align: start; widows: 2; -webkit-text-stroke-width: 0px; text-decoration-style: initial; text-decoration-color: initial; word-spacing: 0px; margin: 0cm 0cm 7.5pt 0cm;\"><strong style=\"box-sizing: border-box;\"><span style=\"font-size: 10.5pt; color: #333333;\">Valor:<\/span><\/strong><b><span style=\"font-size: 10.5pt; color: #333333;\"><br style=\"box-sizing: border-box;\" \/> <\/span><\/b><span style=\"font-size: 10.5pt; color: #333333;\">T\u00e9rreo: R$70,00 inteira \/ R$35,00 meia; Mezanino: R$ 50,00 (inteira) e R$ 25,00 (meia).<\/span><\/p>\n<p style=\"box-sizing: border-box; font-variant-ligatures: normal; font-variant-caps: normal; orphans: 2; text-align: start; widows: 2; -webkit-text-stroke-width: 0px; text-decoration-style: initial; text-decoration-color: initial; word-spacing: 0px; margin: 0cm 0cm 7.5pt 0cm;\"><strong style=\"box-sizing: border-box;\"><span style=\"font-size: 10.5pt; color: #333333;\">Assinantes do Jornal A Gazeta tem 50% de desconto em cima do valor da inteira ( At\u00e9 dois ingressos por cliente)<\/span><\/strong><\/p>\n<p style=\"box-sizing: border-box; font-variant-ligatures: normal; font-variant-caps: normal; orphans: 2; text-align: start; widows: 2; -webkit-text-stroke-width: 0px; text-decoration-style: initial; text-decoration-color: initial; word-spacing: 0px; margin: 0cm 0cm 7.5pt 0cm;\"><strong style=\"box-sizing: border-box;\"><u style=\"box-sizing: border-box;\"><span style=\"font-size: 10.5pt; color: #333333;\">PROMO\u00c7\u00c3O SOLID\u00c1RIA:<\/span><\/u><\/strong><span class=\"apple-converted-space\"><span style=\"font-size: 10.5pt; color: #333333;\">\u00a0<\/span><\/span><span style=\"font-size: 10.5pt; color: #333333;\">DOE 01 LATA DE LEITE EM P\u00d3 E PAGUE MEIA ENTRADA.<\/span><\/p>\n<p style=\"box-sizing: border-box; font-variant-ligatures: normal; font-variant-caps: normal; orphans: 2; text-align: start; widows: 2; -webkit-text-stroke-width: 0px; text-decoration-style: initial; text-decoration-color: initial; word-spacing: 0px; margin: 0cm 0cm 7.5pt 0cm;\"><strong style=\"box-sizing: border-box;\"><span style=\"font-size: 10.5pt; color: #333333;\">Espet\u00e1culo com acessibilidade:<\/span><\/strong><span class=\"apple-converted-space\"><span style=\"font-size: 10.5pt; color: #333333;\">\u00a0<\/span><\/span><span style=\"font-size: 10.5pt; color: #333333;\">Na sess\u00e3o de domingo dia 27 de maio \u00e0s 18hs teremos Interprete de Libras.<\/span><\/p>\n<p style=\"box-sizing: border-box; font-variant-ligatures: normal; font-variant-caps: normal; orphans: 2; text-align: start; widows: 2; -webkit-text-stroke-width: 0px; text-decoration-style: initial; text-decoration-color: initial; word-spacing: 0px; margin: 0cm 0cm 7.5pt 0cm;\"><strong style=\"box-sizing: border-box;\"><span style=\"font-size: 10.5pt; color: #333333;\">Classifica\u00e7\u00e3o et\u00e1ria:<\/span><\/strong><span class=\"apple-converted-space\"><span style=\"font-size: 10.5pt; color: #333333;\">\u00a0<\/span><\/span><span style=\"font-size: 10.5pt; color: #333333;\">Livre<\/span><\/p>\n<p style=\"box-sizing: border-box; font-variant-ligatures: normal; font-variant-caps: normal; orphans: 2; text-align: start; widows: 2; -webkit-text-stroke-width: 0px; text-decoration-style: initial; text-decoration-color: initial; word-spacing: 0px; margin: 0cm 0cm 7.5pt 0cm;\"><strong style=\"box-sizing: border-box;\"><span style=\"font-size: 10.5pt; color: #333333;\">Dura\u00e7\u00e3o:<\/span><\/strong><span class=\"apple-converted-space\"><b><span style=\"font-size: 10.5pt; color: #333333;\">\u00a0<\/span><\/b><\/span><span style=\"font-size: 10.5pt; color: #333333;\">80 minutos<\/span><\/p>\n<p style=\"box-sizing: border-box; font-variant-ligatures: normal; font-variant-caps: normal; orphans: 2; text-align: start; widows: 2; -webkit-text-stroke-width: 0px; text-decoration-style: initial; text-decoration-color: initial; word-spacing: 0px; margin: 0cm 0cm 7.5pt 0cm;\"><em style=\"box-sizing: border-box;\"><span style=\"font-size: 10.5pt; color: #333333;\">\u00a0<\/span><\/em><\/p>\n<p style=\"box-sizing: border-box; font-variant-ligatures: normal; font-variant-caps: normal; orphans: 2; text-align: start; widows: 2; -webkit-text-stroke-width: 0px; text-decoration-style: initial; text-decoration-color: initial; word-spacing: 0px; margin: 0cm 0cm 7.5pt 0cm;\"><strong style=\"box-sizing: border-box;\"><span style=\"font-size: 10.5pt; color: #333333;\">SOBRE A<\/span><\/strong><span class=\"apple-converted-space\"><b><span style=\"font-size: 10.5pt; color: #333333;\">\u00a0<\/span><\/b><\/span><span class=\"il\"><b><span style=\"font-size: 10.5pt; color: #333333;\"><span style=\"box-sizing: border-box;\">MEIA-<\/span><span style=\"box-sizing: border-box;\">ENTRADA<\/span><\/span><\/b><\/span><span class=\"apple-converted-space\"><b><span style=\"font-size: 10.5pt; color: #333333;\">\u00a0<\/span><\/b><\/span><strong><span style=\"font-size: 10.5pt; color: #333333;\">\u2013 QUEM TEM DIREITO?<\/span><\/strong><\/p>\n<p style=\"box-sizing: border-box; font-variant-ligatures: normal; font-variant-caps: normal; orphans: 2; text-align: start; widows: 2; -webkit-text-stroke-width: 0px; text-decoration-style: initial; text-decoration-color: initial; word-spacing: 0px; margin: 0cm 0cm 7.5pt 0cm;\"><span style=\"font-size: 10.5pt; color: #333333;\">Estudantes (com carteirinha oficial emitida pelo Governo)<br style=\"box-sizing: border-box;\" \/> Professores de Vit\u00f3ria\/ES (apresentando contra-cheque)<br style=\"box-sizing: border-box;\" \/> Idosos a partir de 60 anos (apresentando RG)<br style=\"box-sizing: border-box;\" \/> Jornalistas (apresentando o registro profissional)<br style=\"box-sizing: border-box;\" \/> Doadores de Sangue (apresentando carteirinha de doador, com doa\u00e7\u00e3o at\u00e9 12 meses atr\u00e1s)<br style=\"box-sizing: border-box;\" \/> Pessoas com Defici\u00eancia + acompanhante<br style=\"box-sizing: border-box;\" \/> Jovens de Baixa Renda \u2013 Cad\u00danico (apresentar Carteirinha de Identidade Jovem \/ Cad\u00danico)<\/span><\/p>\n<p style=\"box-sizing: border-box; font-variant-ligatures: normal; font-variant-caps: normal; orphans: 2; text-align: start; widows: 2; -webkit-text-stroke-width: 0px; text-decoration-style: initial; text-decoration-color: initial; word-spacing: 0px; margin: 0cm 0cm 7.5pt 0cm;\"><em style=\"box-sizing: border-box;\"><span style=\"font-size: 10.5pt; color: #333333;\">A n\u00e3o comprova\u00e7\u00e3o da meia-entrada impede a pessoa de assistir ao espet\u00e1culo, tendo como op\u00e7\u00e3o pagar a diferen\u00e7a da inteira na bilheteria do Teatro.\u00a0<\/span><\/em><\/p>\n","protected":false},"excerpt":{"rendered":"<p>Minist\u00e9rio da Cultura e WB Produ\u00e7\u00f5es apresentam o espet\u00e1culo \u201cALLAN KARDEC- Um olhar para a Eternidade\u201d Sucesso de p\u00fablico nos teatros do Brasil h\u00e1 17 anos, o espet\u00e1culo teatral\u00a0\u201cAllan Kardec \u2013\u00a0Um Olhar para a Eternidade\u201d\u00a0chega pela primeira vez em Vit\u00f3ria ES, com dire\u00e7\u00e3o de Ana Rosa, j\u00e1 realizou mais de 1.000 apresenta\u00e7\u00f5es, com mais de [&hellip;]<\/p>\n","protected":false},"author":2,"featured_media":36590,"comment_status":"open","ping_status":"open","sticky":false,"template":"","format":"standard","meta":[],"categories":[94,20,4],"tags":[],"statusdoprojeto":[],"cidadedoespetaculo":[],"acf":[],"_links":{"self":[{"href":"https:\/\/wbproducoes.com\/en\/wp-json\/wp\/v2\/posts\/36729"}],"collection":[{"href":"https:\/\/wbproducoes.com\/en\/wp-json\/wp\/v2\/posts"}],"about":[{"href":"https:\/\/wbproducoes.com\/en\/wp-json\/wp\/v2\/types\/post"}],"author":[{"embeddable":true,"href":"https:\/\/wbproducoes.com\/en\/wp-json\/wp\/v2\/users\/2"}],"replies":[{"embeddable":true,"href":"https:\/\/wbproducoes.com\/en\/wp-json\/wp\/v2\/comments?post=36729"}],"version-history":[{"count":1,"href":"https:\/\/wbproducoes.com\/en\/wp-json\/wp\/v2\/posts\/36729\/revisions"}],"predecessor-version":[{"id":36730,"href":"https:\/\/wbproducoes.com\/en\/wp-json\/wp\/v2\/posts\/36729\/revisions\/36730"}],"wp:featuredmedia":[{"embeddable":true,"href":"https:\/\/wbproducoes.com\/en\/wp-json\/wp\/v2\/media\/36590"}],"wp:attachment":[{"href":"https:\/\/wbproducoes.com\/en\/wp-json\/wp\/v2\/media?parent=36729"}],"wp:term":[{"taxonomy":"category","embeddable":true,"href":"https:\/\/wbproducoes.com\/en\/wp-json\/wp\/v2\/categories?post=36729"},{"taxonomy":"post_tag","embeddable":true,"href":"https:\/\/wbproducoes.com\/en\/wp-json\/wp\/v2\/tags?post=36729"},{"taxonomy":"statusdoprojeto","embeddable":true,"href":"https:\/\/wbproducoes.com\/en\/wp-json\/wp\/v2\/statusdoprojeto?post=36729"},{"taxonomy":"cidadedoespetaculo","embeddable":true,"href":"https:\/\/wbproducoes.com\/en\/wp-json\/wp\/v2\/cidadedoespetaculo?post=36729"}],"curies":[{"name":"wp","href":"https:\/\/api.w.org\/{rel}","templated":true}]}}