{"id":41587,"date":"2019-04-17T23:40:52","date_gmt":"2019-04-17T23:40:52","guid":{"rendered":"http:\/\/wbproducoes.com\/?p=41587"},"modified":"2019-09-24T20:39:39","modified_gmt":"2019-09-24T20:39:39","slug":"malala","status":"publish","type":"post","link":"https:\/\/wbproducoes.com\/en\/malala\/","title":{"rendered":"Malala"},"content":{"rendered":"\n<p><strong>MINIST\u00c9RIO DA CIDADANIA E ARCELORMITTAL\napresentam Malala \u2013 A Menina Que Queria ir Para Escola<\/strong><\/p>\n\n\n\n<p>\u201cO DIVERS\u00c3O EM CENA\nARCELORMITTAL CONTINUA SUA PRIMEIRA TEMPORADA POR MEIO DO MINIST\u00c9RIO DA\nCIDADANIA E DA LEI DE INCENTIVO FISCAL ROUANET COM \u201cMALALA \u2013 A MENINA QUE\nQUERIA IR PARA ESCOLA\u201d PREMIADO LIVRO INFANTO-JUVENIL DA JORNALISTA E ESCRITORA\nADRIANA CARRANCA.\u201d<\/p>\n\n\n\n<p>As apresenta\u00e7\u00f5es ser\u00e3o nos\ndias 04 e 05 de Maio, no Teatro Universit\u00e1rio.<\/p>\n\n\n\n<p><strong>Sinopse<\/strong><\/p>\n\n\n\n<p>Sob a dire\u00e7\u00e3o de Renato\nCarrera, adapta\u00e7\u00e3o de Rafael Souza-Ribeiro e can\u00e7\u00f5es originais de Adriana\nCalcanhotto, o espet\u00e1culo chega em vit\u00f3ria para d\u00e1 continuidade a primeira\nedi\u00e7\u00e3o do Divers\u00e3o Em Cena Arcelormittal.<\/p>\n\n\n\n<p>A pe\u00e7a narra a viagem da\njornalista brasileira ao Paquist\u00e3o, dias depois do atentado dos talib\u00e3s \u00e0 vida\nde Malala, por sua defesa do direito das meninas \u00e0 educa\u00e7\u00e3o.<\/p>\n\n\n\n<p>A estreia nacional do\nespet\u00e1culo, no dia 12 de outubro de 2018, levou mais de 6.000 pessoas ao Sesc\nGin\u00e1stico no centro do rio de janeiro. O projeto Malala, a menina queira ir\npara a escola, \u00e9 aprovado pelas lei Rouanet.<\/p>\n\n\n\n<p>O enredo narra a hist\u00f3ria de\nMalala, baleada aos quinze anos de idade por membros do Talib\u00e3, em retalia\u00e7\u00e3o a\nsua luta pelo direito feminino \u00e0 educa\u00e7\u00e3o. Malala \u00e9 a mais jovem vencedora do\nNobel da Paz. Sob a dire\u00e7\u00e3o de Renato Carrera e adapta\u00e7\u00e3o de Rafael\nSouza-Ribeiro, profissionais de grande prest\u00edgio no teatro carioca, o\nespet\u00e1culo tem can\u00e7\u00f5es originais de Adriana Calcanhotto.<\/p>\n\n\n\n<p><strong>Malala \u2013 A Nobel da Paz<\/strong><\/p>\n\n\n\n<p>MALALA YOUSAFZAI NASCEU NO\nVALE DO SWAT, NO PAQUIST\u00c3O. CRESCEU ENTRE OS CORREDORES DA ESCOLA DE SEU PAI,\nZIAUDDIN YOUSAFZAI, E ERA UMA DAS PRIMEIRAS ALUNAS DA CLASSE. AOS DEZ ANOS VIU\nSUA CIDADE SER CONTROLADA PELO GRUPO TALIB\u00c3, QUE LAN\u00c7OU UM DECRETO PROIBINDO\nMENINAS DE FREQUENTAREM A ESCOLA. O TERROR FEZ A POPULA\u00c7\u00c3O RECUAR. MALALA FOI\nUMA EXCE\u00c7\u00c3O. ENSINADA DESDE PEQUENA A DEFENDER AQUILO EM QUE ACREDITAVA, LUTOU\nPELO DIREITO DE CONTINUAR ESTUDANDO. SOB PSEUD\u00d4NIMO, TORNOU-SE CORRESPONDENTE\nDA BBC, ATRAV\u00c9S DE UM BLOG ONDE RELATAVA AO MUNDO O IMPACTO DI\u00c1RIO DO TALIB\u00c3 NO\nVALE DO SWAT. AOS QUINZE ANOS QUASE PERDEU A VIDA POR QUERER IR \u00c0 ESCOLA. UMA\nTENTATIVA DO GRUPO TALIB\u00c3 DE SILENCIAR SUA LUTA PELO DIREITO DE MENINAS \u00c0\nEDUCA\u00c7\u00c3O. MALALA SOBREVIVEU AO ATENTADO E PROMETEU QUE N\u00c3O SERIA SILENCIADA POR\nTERRORISTAS. COM EXTRAORDIN\u00c1RIA CONVIC\u00c7\u00c3O AFIRMOU \u201cA CANETA \u00c9 MAIS PODEROSA QUE\nA ESPADA\u201d. AVAN\u00c7OU FIRME EM DIRE\u00c7\u00c3O A SEU PROP\u00d3SITO, E TRAVOU UMA LUTA GLOBAL\nCONTRA O ANALFABETISMO, A POBREZA E O TERRORISMO, CONVOCANDO TODOS OS GOVERNOS\nA ASSEGURAR A EDUCA\u00c7\u00c3O OBRIGAT\u00d3RIA LIVRE E A ELABORAR UM ACORDO DE PAZ COM\nINTUITO DE PROTEGER OS DIREITOS DE MENINAS \u00c0 EDUCA\u00c7\u00c3O. EM 10 DE DEZEMBRO DE\n2014, MALALA FOI A MAIS JOVEM VENCEDORA DO PR\u00caMIO NOBEL DA PAZ \u201cPELA LUTA\nCONTRA A OPRESS\u00c3O DAS CRIAN\u00c7AS E PELO DIREITO DE TODAS AS CRIAN\u00c7AS \u00c0 EDUCA\u00c7\u00c3O\u201d.<\/p>\n\n\n\n<p><strong>O Best Seller<\/strong><\/p>\n\n\n\n<p>\u2022 MALALA, A MENINA QUE QUERIA\nIR PARA A ESCOLA (CIA. DAS LETRINHAS) \u00c9 UM DOS LIVROS<\/p>\n\n\n\n<p>MAIS ADOTADOS EM ESCOLAS\nP\u00daBLICAS E PARTICULARES BRASILEIRAS DESDE SEU LAN\u00c7AMENTO;<\/p>\n\n\n\n<p>\u2022 PREMIADO DUPLAMENTE PELA\nFUNDA\u00c7\u00c3O NACIONAL DO LIVRO INFANTIL E JUVENIL NAS CATEGORIAS MELHOR LIVRO\nINFORMATIVO E ESCRITORA REVELA\u00c7\u00c3O 2016;<\/p>\n\n\n\n<p>\u2022 FINALISTA DO PR\u00caMIO JABUTI\n2016;<\/p>\n\n\n\n<p>\u2022 FLIP 2016;<\/p>\n\n\n\n<p>\u2022 TRADUZIDO PARA O ALEM\u00c3O,\nINGL\u00caS, URDU E ESPANHOL, TEM EDI\u00c7\u00d5ES EM TODOS OS PA\u00cdSES<\/p>\n\n\n\n<p>DA AM\u00c9RICA LATINA;<\/p>\n\n\n\n<p><strong>Adriana Carranca<\/strong><\/p>\n\n\n\n<p>Adriana Carranca \u00e9 escritora\ne jornalista. Atualmente mora em Nova York, cobrindo hist\u00f3rias de migra\u00e7\u00e3o e\ng\u00eanero. \u00c9 colunista do jornal o globo, comentarista do programa pelo mundo da\nr\u00e1dio CBN, al\u00e9m de colaborar com publica\u00e7\u00f5es internacionais. Escreve\nprincipalmente sobre conflitos, toler\u00e2ncia religiosa e direitos humanos, com\nolhar especial sobre a condi\u00e7\u00e3o das mulheres. Esteve na s\u00edria e Iraque, para\nreportagem especial sobre a guerra e a crise dos refugiados. Cobriu\nextensamente a guerra no Afeganist\u00e3o e Paquist\u00e3o. Mergulhou no universo de\npa\u00edses mu\u00e7ulmanos como Ir\u00e3, Egito E Indon\u00e9sia e nos territ\u00f3rios palestinos para\nreportagens especiais. Acompanhou de perto alguns dos conflitos mais sangrentos\nda \u00c1frica, como as guerras na rep\u00fablica democr\u00e1tica do congo, Sud\u00e3o do Sul e\nUganda. Foi correspondente na ONU, em nova York. Tem tr\u00eas livros-reportagens\npublicados: \u201co ir\u00e3 sob o chador\u201d (ed. globo), finalista do pr\u00eamio jabuti; \u201co\nAfeganist\u00e3o depois do talib\u00e3\u201d (civiliza\u00e7\u00e3o brasileira); e o infantil \u201cMalala, a\nmenina que queria ir para a escola \u201d(companhia das letrinhas). Recebeu o pr\u00eamio\nEsso, men\u00e7\u00e3o honrosa com a s\u00e9rie de reportagem \u201cguerras da \u00c1frica\u201d; o pr\u00eamio\nl\u00edbero Badar\u00f3, na categoria reportagem internacional, com \u201cSud\u00e3o Do Sul: a\nguerra esquecida\u201d; novamente o pr\u00eamio l\u00edbero Badar\u00f3, grande pr\u00eamio, com a s\u00e9rie\n\u201ccolet\u00e2nea da guerra no Afeganist\u00e3o\u201d e sete edi\u00e7\u00f5es do pr\u00eamio estado de\njornalismo.<\/p>\n\n\n\n<p><strong>FICHA T\u00c9CNICA<\/strong><\/p>\n\n\n\n<p>Adapta\u00e7\u00e3o: Rafael\nSouza-Ribeiro<\/p>\n\n\n\n<p>&nbsp;Dire\u00e7\u00e3o: Renato Carrera<\/p>\n\n\n\n<p>Can\u00e7\u00f5es Originais: Adriana\nCalcanhotto<\/p>\n\n\n\n<p>Elenco: Adassa Martins, Dulce\nPenna, Fernanda Sal,<\/p>\n\n\n\n<p>Hugo Germano, Ivson Rainero,\nJos\u00e9 Karini, Marcelo<\/p>\n\n\n\n<p>Valentim, Patr\u00edcia Garcia e\nTatiana Quadros &amp;amp; o m\u00fasico<\/p>\n\n\n\n<p>Adriano Sampaio com percuss\u00e3o\noriginal.<\/p>\n\n\n\n<p>Assistente de Dire\u00e7\u00e3o: Joana\nCabral<\/p>\n\n\n\n<p>Cen\u00e1rio: Daniel de Jesus<\/p>\n\n\n\n<p>Figurino: Flavio Souza<\/p>\n\n\n\n<p>Ilumina\u00e7\u00e3o: Alessandro\nBoschini<\/p>\n\n\n\n<p>Dire\u00e7\u00e3o Musical: L\u00facio\nZandonadi<\/p>\n\n\n\n<p>Dire\u00e7\u00e3o de Movimento e\nCoreografia: Sueli Guerra<\/p>\n\n\n\n<p>Prepara\u00e7\u00e3o Corporal: Edgy\nPegoretti<\/p>\n\n\n\n<p>Proje\u00e7\u00f5es e Videoinstala\u00e7\u00e3o:\nVJ Vigas<\/p>\n\n\n\n<p>Prepara\u00e7\u00e3o Vocal: Danielly\nSouza<\/p>\n\n\n\n<p>Desenho de Som: Arthur\nFereira<\/p>\n\n\n\n<p>Ilustra\u00e7\u00e3o: Bruna Assis\nBrasil<\/p>\n\n\n\n<p>Assessoria de Imprensa: Ney\nMotta<\/p>\n\n\n\n<p>Programa\u00e7\u00e3o Visual: Daniel de\nJesus<\/p>\n\n\n\n<p>Fotos de Divulga\u00e7\u00e3o: Ricardo\nBorges<\/p>\n\n\n\n<p>M\u00eddias Sociais: Ana Righi<\/p>\n\n\n\n<p>Produ\u00e7\u00e3o Executiva: Beta\nSchneider<\/p>\n\n\n\n<p>Gest\u00e3o Financeira e Ger\u00eancia\nde Projeto: Natalia Simonete<\/p>\n\n\n\n<p>Dire\u00e7\u00e3o de Produ\u00e7\u00e3o:\nAlessandra Reis<\/p>\n\n\n\n<p>Idealiza\u00e7\u00e3o: Tatiana Quadros<\/p>\n\n\n\n<p>Realiza\u00e7\u00e3o: WB Produ\u00e7\u00f5es e\nLiga de Marketing<\/p>\n\n\n\n<p><strong>SERVI\u00c7O<\/strong><\/p>\n\n\n\n<p>Divers\u00e3o em Cena\nArcelorMittal<\/p>\n\n\n\n<p>MALALA \u2013 A MENINA QUE QUERIA\nIR PARA ESCOLA.<\/p>\n\n\n\n<p>Data: 04 e 05 de Maio<\/p>\n\n\n\n<p>Hor\u00e1rios: S\u00e1bado&nbsp;e\ndomingo as 16h<\/p>\n\n\n\n<p>Teatro Universit\u00e1rio- UFES<\/p>\n\n\n\n<p>Av. Fernando Ferrari, 514,\nCampus Universit\u00e1rio, Goiabeiras, Vit\u00f3ria ES<\/p>\n\n\n\n<p>VALOR: R$ 20 (inteira) e R$\n10, 00 (meia)<\/p>\n\n\n\n<p>Interprete de libras na\nsess\u00e3o de domingo, \u00e0s 16 horas.<\/p>\n\n\n\n<p>G\u00eanero: Musical Infatil<\/p>\n\n\n\n<p>Classifica\u00e7\u00e3o: Livre<\/p>\n\n\n\n<p>Dura\u00e7\u00e3o: 60 minutos<\/p>\n\n\n\n<p>Vendas:&nbsp;Bilheteria do\nTeatro ( de 15 as 20h) ou no site&nbsp;tudus.com.br<\/p>\n\n\n\n<p>Inf: (27)33760933\/\nwbproducoes.com<\/p>\n","protected":false},"excerpt":{"rendered":"<p>MINIST\u00c9RIO DA CIDADANIA E ARCELORMITTAL apresentam Malala \u2013 A Menina Que Queria ir Para Escola \u201cO DIVERS\u00c3O EM CENA ARCELORMITTAL CONTINUA SUA PRIMEIRA TEMPORADA POR MEIO DO MINIST\u00c9RIO DA CIDADANIA E DA LEI DE INCENTIVO FISCAL ROUANET COM \u201cMALALA \u2013 A MENINA QUE QUERIA IR PARA ESCOLA\u201d PREMIADO LIVRO INFANTO-JUVENIL DA JORNALISTA E ESCRITORA ADRIANA [&hellip;]<\/p>\n","protected":false},"author":2,"featured_media":41588,"comment_status":"open","ping_status":"open","sticky":false,"template":"","format":"standard","meta":[],"categories":[157,20],"tags":[],"statusdoprojeto":[],"cidadedoespetaculo":[],"acf":[],"_links":{"self":[{"href":"https:\/\/wbproducoes.com\/en\/wp-json\/wp\/v2\/posts\/41587"}],"collection":[{"href":"https:\/\/wbproducoes.com\/en\/wp-json\/wp\/v2\/posts"}],"about":[{"href":"https:\/\/wbproducoes.com\/en\/wp-json\/wp\/v2\/types\/post"}],"author":[{"embeddable":true,"href":"https:\/\/wbproducoes.com\/en\/wp-json\/wp\/v2\/users\/2"}],"replies":[{"embeddable":true,"href":"https:\/\/wbproducoes.com\/en\/wp-json\/wp\/v2\/comments?post=41587"}],"version-history":[{"count":2,"href":"https:\/\/wbproducoes.com\/en\/wp-json\/wp\/v2\/posts\/41587\/revisions"}],"predecessor-version":[{"id":41590,"href":"https:\/\/wbproducoes.com\/en\/wp-json\/wp\/v2\/posts\/41587\/revisions\/41590"}],"wp:featuredmedia":[{"embeddable":true,"href":"https:\/\/wbproducoes.com\/en\/wp-json\/wp\/v2\/media\/41588"}],"wp:attachment":[{"href":"https:\/\/wbproducoes.com\/en\/wp-json\/wp\/v2\/media?parent=41587"}],"wp:term":[{"taxonomy":"category","embeddable":true,"href":"https:\/\/wbproducoes.com\/en\/wp-json\/wp\/v2\/categories?post=41587"},{"taxonomy":"post_tag","embeddable":true,"href":"https:\/\/wbproducoes.com\/en\/wp-json\/wp\/v2\/tags?post=41587"},{"taxonomy":"statusdoprojeto","embeddable":true,"href":"https:\/\/wbproducoes.com\/en\/wp-json\/wp\/v2\/statusdoprojeto?post=41587"},{"taxonomy":"cidadedoespetaculo","embeddable":true,"href":"https:\/\/wbproducoes.com\/en\/wp-json\/wp\/v2\/cidadedoespetaculo?post=41587"}],"curies":[{"name":"wp","href":"https:\/\/api.w.org\/{rel}","templated":true}]}}