{"id":41594,"date":"2019-04-17T23:45:51","date_gmt":"2019-04-17T23:45:51","guid":{"rendered":"http:\/\/wbproducoes.com\/?p=41594"},"modified":"2019-09-24T20:39:37","modified_gmt":"2019-09-24T20:39:37","slug":"o-livro-dos-espiritos","status":"publish","type":"post","link":"https:\/\/wbproducoes.com\/en\/o-livro-dos-espiritos\/","title":{"rendered":"O Livro dos Esp\u00edritos"},"content":{"rendered":"\n<p><strong>Dura\u00e7\u00e3o:&nbsp;<\/strong>80 minutos<\/p>\n\n\n\n<p>Minist\u00e9rio da Cidadania e WB Produ\u00e7\u00f5es apresentam o espet\u00e1culo<strong>O LIVRO DOS ESP\u00cdRITOS<\/strong><\/p>\n\n\n\n<p>O primeiro contato de Allan Kardec com experi\u00eancias medi\u00fanicas, o amadurecimento de sua f\u00e9 e a sua decis\u00e3o de publicar livro sobre a Doutrina Esp\u00edrita s\u00e3o passagens retratadas no novo espet\u00e1culo de Cyrano Rosalem, com produ\u00e7\u00e3o local da WB Produ\u00e7\u00f5es. A montagem \u00e9 da mesma produtora de \u2018Allan Kardec\u2019, sucesso h\u00e1 seis anos pelos teatros do Brasil e visto por cerca de meio milh\u00e3o de pessoas.  A dire\u00e7\u00e3o \u00e9 de Rog\u00e9rio Fabiano e \u00c9rica Collares, que tamb\u00e9m est\u00e3o em cena. Cl\u00e1udio Gardin e Manuela Collares completam o elenco. <\/p>\n\n\n\n<p>Inspirada no livro hom\u00f4nimo de Kardec, a pe\u00e7a <strong>\u201cO livro dos esp\u00edritos\u201d<\/strong> \u00e9 uma adapta\u00e7\u00e3o de passagens espec\u00edficas de vida do educador, escritor e tradutor franc\u00eas Hippolyte Le\u00f3n Denizard Rivail, no s\u00e9culo XIX: do momento em que \u00e9 apresentado a experi\u00eancias medi\u00fanicas, abordando as sess\u00f5es de mesas girantes, suas pesquisas, o amadurecimento de sua f\u00e9, o contato com o Esp\u00edrito da Verdade e as dificuldades, at\u00e9 a decis\u00e3o de publicar o seu primeiro livro sobre a Doutrina Esp\u00edrita, chamado \u201cO livro dos esp\u00edritos\u201d, sob o pseud\u00f4nimo de Allan Kardec. <\/p>\n\n\n\n<p>Em \u201cO livro dos esp\u00edritos\u201d n\u00e3o h\u00e1 a proposta de biografia, mas,\nsim, de destacar cen\u00e1rios fundamentais que deram origem \u00e0 sua primeira grande\nobra da Codifica\u00e7\u00e3o Esp\u00edrita. O p\u00fablico pode ver sem\nmedo e apreciar o texto emocionante de uma etapa singular do espiritismo.\n<\/p>\n\n\n\n<p>E mais uma\nvez cabe ao ator Rog\u00e9rio Fabiano interpretar Kardec, o que j\u00e1 faz h\u00e1 seis anos\nconsecutivos no teatro. \u201cDar continuidade \u00e0 obra de Allan Kardec no teatro ser\u00e1, com certeza, um\noutro marco emocionante na minha carreira. \u00c9 um desafio, pois agora \u00e9 o mesmo\npersonagem, mas em fun\u00e7\u00e3o da formata\u00e7\u00e3o do \u2018Livro dos Esp\u00edritos\u2019\u2019, orgulha-se\nele, com quase 40 anos de carreira.<\/p>\n\n\n\n<p>No palco, \u00c9rica Collares vive de novo Am\u00e9lie\nGabrielle Boudet, esposa de Kardec, e ela comemora essa nova fase. \u201cNeste novo\nespet\u00e1culo poderei exibir ao p\u00fablico a import\u00e2ncia de Am\u00e9lie Boudet, esposa de\nAllan Kardec, que esteve ao lado dele em todas as suas etapas, ajudando-o e\nencorajando-o para a publica\u00e7\u00e3o do \u2018Livro dos esp\u00edritos\u2019. \u00c9 realmente uma\nmiss\u00e3o prazerosa\u201d, diz ela, que considera os\nprojetos uma miss\u00e3o de amor<\/p>\n\n\n\n<p><strong>Sinopse:<\/strong> Adapta\u00e7\u00e3o das passagens de vida do educador,\nescritor e tradutor franc\u00eas Hippolyte Le\u00f3n Denizard Rivail, no s\u00e9culo XIX, a\npartir do primeiro contato com experi\u00eancias medi\u00fanicas at\u00e9 a decis\u00e3o de\npublicar o seu primeiro livro sobre a Doutrina Esp\u00edrita, chamado \u201cO livro dos\nesp\u00edritos\u201d, sob o pseud\u00f4nimo de Allan Kardec.<\/p>\n\n\n\n<p><strong>FICHA T\u00c9CNICA<\/strong><\/p>\n\n\n\n<p><strong>\u2018O\nlivro dos esp\u00edritos\u2019 <\/strong><\/p>\n\n\n\n<p><strong>Texto<\/strong>:\nCyrano Rosalem. <\/p>\n\n\n\n<p><strong>Dire\u00e7\u00e3o:<\/strong>\nRog\u00e9rio Fabiano e \u00c9rica Collares. <\/p>\n\n\n\n<p><strong>Elenco:<\/strong>\nRog\u00e9rio Fabiano, \u00c9rica Collares, Cl\u00e1udio Gardin\ne Manuela Collares. <\/p>\n\n\n\n<p><strong>Assessoria de imprensa:<\/strong>\nVal\u00e9ria Souza.<\/p>\n\n\n\n<p><strong>Produ\u00e7\u00e3o:<\/strong>\n\u00c9rica Collares e Rog\u00e9rio Fabiano.<\/p>\n\n\n\n<p><strong>Produ\u00e7\u00e3o e Realiza\u00e7\u00e3o Local:<\/strong>\nWB Produ\u00e7\u00f5es<\/p>\n\n\n\n<p><strong>SERVI\u00c7O<\/strong><\/p>\n\n\n\n<p><strong>\u2018O livro\ndos esp\u00edritos\u2019 <\/strong><\/p>\n\n\n\n<p><strong>Datas <\/strong>\u2013\n07 e 08 de Junho<\/p>\n\n\n\n<p>Sexta\ne S\u00e1bado, \u00e0s 20h<\/p>\n\n\n\n<p><strong>Local:<\/strong>\nTeatro Universit\u00e1rio &#8211; UFES<\/p>\n\n\n\n<p><strong>Endere\u00e7o:<\/strong>\nAv. Fernando Ferrari, 514 \u2013 Campus da UFES. <\/p>\n\n\n\n<p><strong>Vendas: <\/strong>tudus.com.br\nou na bilheteria do teatro de 15h as 20h. <\/p>\n\n\n\n<p><strong>Valor:<\/strong> T\u00e9rreo: R$80,00\ninteira \/ R$40,00 meia; Mezanino: R$ 50,00 (inteira) e R$ 25,00 (meia).<\/p>\n\n\n\n<p><strong>Assinantes do Jornal A Gazeta tem 50% de\ndesconto em cima do valor da inteira ( At\u00e9 dois ingressos por cliente).<\/strong><\/p>\n\n\n\n<p><strong>PROMO\u00c7\u00c3O SOLID\u00c1RIA:<\/strong> DOE 01KG DE SAB\u00c3O EM P\u00d3 E PAGUE MEIA ENTRADA.<\/p>\n\n\n\n<p><strong>Espet\u00e1culo com acessibilidade:<\/strong> Na sess\u00e3o de s\u00e1bado dia 07 de junho \u00e0s 20 hs\nteremos Interprete de Libras.<\/p>\n\n\n\n<p><strong>Classifica\u00e7\u00e3o et\u00e1ria:<\/strong>\nLivre<\/p>\n\n\n\n<p><strong>Dura\u00e7\u00e3o: <\/strong>80\nminutos<\/p>\n","protected":false},"excerpt":{"rendered":"<p>Dura\u00e7\u00e3o:&nbsp;80 minutos Minist\u00e9rio da Cidadania e WB Produ\u00e7\u00f5es apresentam o espet\u00e1culoO LIVRO DOS ESP\u00cdRITOS O primeiro contato de Allan Kardec com experi\u00eancias medi\u00fanicas, o amadurecimento de sua f\u00e9 e a sua decis\u00e3o de publicar livro sobre a Doutrina Esp\u00edrita s\u00e3o passagens retratadas no novo espet\u00e1culo de Cyrano Rosalem, com produ\u00e7\u00e3o local da WB Produ\u00e7\u00f5es. A [&hellip;]<\/p>\n","protected":false},"author":2,"featured_media":41877,"comment_status":"open","ping_status":"open","sticky":false,"template":"","format":"standard","meta":[],"categories":[157,20],"tags":[],"statusdoprojeto":[],"cidadedoespetaculo":[],"acf":[],"_links":{"self":[{"href":"https:\/\/wbproducoes.com\/en\/wp-json\/wp\/v2\/posts\/41594"}],"collection":[{"href":"https:\/\/wbproducoes.com\/en\/wp-json\/wp\/v2\/posts"}],"about":[{"href":"https:\/\/wbproducoes.com\/en\/wp-json\/wp\/v2\/types\/post"}],"author":[{"embeddable":true,"href":"https:\/\/wbproducoes.com\/en\/wp-json\/wp\/v2\/users\/2"}],"replies":[{"embeddable":true,"href":"https:\/\/wbproducoes.com\/en\/wp-json\/wp\/v2\/comments?post=41594"}],"version-history":[{"count":6,"href":"https:\/\/wbproducoes.com\/en\/wp-json\/wp\/v2\/posts\/41594\/revisions"}],"predecessor-version":[{"id":42264,"href":"https:\/\/wbproducoes.com\/en\/wp-json\/wp\/v2\/posts\/41594\/revisions\/42264"}],"wp:featuredmedia":[{"embeddable":true,"href":"https:\/\/wbproducoes.com\/en\/wp-json\/wp\/v2\/media\/41877"}],"wp:attachment":[{"href":"https:\/\/wbproducoes.com\/en\/wp-json\/wp\/v2\/media?parent=41594"}],"wp:term":[{"taxonomy":"category","embeddable":true,"href":"https:\/\/wbproducoes.com\/en\/wp-json\/wp\/v2\/categories?post=41594"},{"taxonomy":"post_tag","embeddable":true,"href":"https:\/\/wbproducoes.com\/en\/wp-json\/wp\/v2\/tags?post=41594"},{"taxonomy":"statusdoprojeto","embeddable":true,"href":"https:\/\/wbproducoes.com\/en\/wp-json\/wp\/v2\/statusdoprojeto?post=41594"},{"taxonomy":"cidadedoespetaculo","embeddable":true,"href":"https:\/\/wbproducoes.com\/en\/wp-json\/wp\/v2\/cidadedoespetaculo?post=41594"}],"curies":[{"name":"wp","href":"https:\/\/api.w.org\/{rel}","templated":true}]}}