{"id":44326,"date":"2019-09-22T18:00:00","date_gmt":"2019-09-22T21:00:00","guid":{"rendered":"http:\/\/wbproducoes.com\/?p=44326"},"modified":"2020-12-17T10:13:57","modified_gmt":"2020-12-17T13:13:57","slug":"rubem-braga-a-vida-em-voz-alta","status":"publish","type":"post","link":"https:\/\/wbproducoes.com\/en\/rubem-braga-a-vida-em-voz-alta\/","title":{"rendered":"Rubem Braga &#8211; A Vida em Voz Alta"},"content":{"rendered":"\n<p><strong>O BANESTES, POR MEIO DO MINIST\u00c9RIO DA CIDADANIA E DA LEI DE INCENTIVO \u00c0 CULTURA, APRESENTA, DENTRO DO CIRCUITO BANESTES DE TEATRO &#8211; ANO 10, O ESPET\u00c1CULO &#8220;RUBEM BRAGA &#8211; A VIDA EM VOZ ALTA&#8221;, COM JOS\u00c9 AUGUSTO LOUREIRO<\/strong><\/p>\n\n\n\n<p>A pe\u00e7a, com texto de Duilio Kuster, dire\u00e7\u00e3o de Leonardo Magalh\u00e3es, supervis\u00e3o de dire\u00e7\u00e3o de Charles Fricks e dire\u00e7\u00e3o de produ\u00e7\u00e3o de Bruna Dornellas e Wesley Telles, tem sua estreia nacional na cidade natal do cronista, Cachoeiro de Itapemirim, no dia 9 de agosto, no Teatro Rubem Braga.  O espet\u00e1culo faz parte da 10\u00aa edi\u00e7\u00e3o do Circuito Banestes de Teatro e ter\u00e1 apresenta\u00e7\u00f5es tamb\u00e9m em Castelo e Muqui, antes de chegar \u00e0 capital capixaba.<\/p>\n\n\n\n<p>A montagem \u00e9 uma realiza\u00e7\u00e3o da WB Produ\u00e7\u00f5es e uma parceria do grupo de teatro Folgaz\u00f5es, do Esp\u00edrito Santo, cujos membros Leonardo Magalh\u00e3es e Du\u00edlio Kuster Cid assinam, respectivamente, a dire\u00e7\u00e3o e a dramaturgia. Al\u00e9m disso, Charles Fricks, membro da Cia de Atores de Laura, faz a supervis\u00e3o de dire\u00e7\u00e3o. <\/p>\n\n\n\n<p>Para dar vida ao escritor, foi convidado o veterano ator capixaba Jos\u00e9 Augusto Loureiro,.<\/p>\n\n\n\n<p>O interesse pela realiza\u00e7\u00e3o de tal montagem est\u00e1 ligado ao fato de Rubem Braga ser o escritor capixaba que obteve maior reconhecimento liter\u00e1rio em n\u00edvel nacional, bem como a preocupa\u00e7\u00e3o inerente dos envolvidos no projeto de se falar da cultura do Estado, pouco conhecida e divulgada para al\u00e9m dos mares daqui. <\/p>\n\n\n\n<p>Al\u00e9m disso, num momento em que o Brasil vive um lament\u00e1vel per\u00edodo de avan\u00e7o da desigualdade, do autoritarismo e da intoler\u00e2ncia, falar sobre Rubem Braga \u00e9 tamb\u00e9m assumir uma posi\u00e7\u00e3o pol\u00edtica contr\u00e1ria a esse quadro desolador.<\/p>\n\n\n\n<p>Seja por meio de suas cr\u00f4nicas, seja pela an\u00e1lise de sua biografia, fica claro que o escritor sempre foi um defensor da liberdade e de condi\u00e7\u00f5es de vida mais dignas para a popula\u00e7\u00e3o brasileira mais simples.<\/p>\n","protected":false},"excerpt":{"rendered":"<p>O BANESTES, POR MEIO DO MINIST\u00c9RIO DA CIDADANIA E DA LEI DE INCENTIVO \u00c0 CULTURA, APRESENTA, DENTRO DO CIRCUITO BANESTES DE TEATRO &#8211; ANO 10, O ESPET\u00c1CULO &#8220;RUBEM BRAGA &#8211; A VIDA EM VOZ ALTA&#8221;, COM JOS\u00c9 AUGUSTO LOUREIRO A pe\u00e7a, com texto de Duilio Kuster, dire\u00e7\u00e3o de Leonardo Magalh\u00e3es, supervis\u00e3o de dire\u00e7\u00e3o de Charles [&hellip;]<\/p>\n","protected":false},"author":2,"featured_media":45677,"comment_status":"closed","ping_status":"closed","sticky":false,"template":"","format":"standard","meta":[],"categories":[157,4],"tags":[],"statusdoprojeto":[],"cidadedoespetaculo":[],"acf":[],"_links":{"self":[{"href":"https:\/\/wbproducoes.com\/en\/wp-json\/wp\/v2\/posts\/44326"}],"collection":[{"href":"https:\/\/wbproducoes.com\/en\/wp-json\/wp\/v2\/posts"}],"about":[{"href":"https:\/\/wbproducoes.com\/en\/wp-json\/wp\/v2\/types\/post"}],"author":[{"embeddable":true,"href":"https:\/\/wbproducoes.com\/en\/wp-json\/wp\/v2\/users\/2"}],"replies":[{"embeddable":true,"href":"https:\/\/wbproducoes.com\/en\/wp-json\/wp\/v2\/comments?post=44326"}],"version-history":[{"count":18,"href":"https:\/\/wbproducoes.com\/en\/wp-json\/wp\/v2\/posts\/44326\/revisions"}],"predecessor-version":[{"id":46965,"href":"https:\/\/wbproducoes.com\/en\/wp-json\/wp\/v2\/posts\/44326\/revisions\/46965"}],"wp:featuredmedia":[{"embeddable":true,"href":"https:\/\/wbproducoes.com\/en\/wp-json\/wp\/v2\/media\/45677"}],"wp:attachment":[{"href":"https:\/\/wbproducoes.com\/en\/wp-json\/wp\/v2\/media?parent=44326"}],"wp:term":[{"taxonomy":"category","embeddable":true,"href":"https:\/\/wbproducoes.com\/en\/wp-json\/wp\/v2\/categories?post=44326"},{"taxonomy":"post_tag","embeddable":true,"href":"https:\/\/wbproducoes.com\/en\/wp-json\/wp\/v2\/tags?post=44326"},{"taxonomy":"statusdoprojeto","embeddable":true,"href":"https:\/\/wbproducoes.com\/en\/wp-json\/wp\/v2\/statusdoprojeto?post=44326"},{"taxonomy":"cidadedoespetaculo","embeddable":true,"href":"https:\/\/wbproducoes.com\/en\/wp-json\/wp\/v2\/cidadedoespetaculo?post=44326"}],"curies":[{"name":"wp","href":"https:\/\/api.w.org\/{rel}","templated":true}]}}