{"id":45535,"date":"2019-09-14T00:00:00","date_gmt":"2019-09-14T03:00:00","guid":{"rendered":"http:\/\/wbproducoes.com\/?p=45535"},"modified":"2020-12-17T10:13:36","modified_gmt":"2020-12-17T13:13:36","slug":"a-geladeira-magica-3","status":"publish","type":"post","link":"https:\/\/wbproducoes.com\/en\/a-geladeira-magica-3\/","title":{"rendered":"A Geladeira M\u00e1gica"},"content":{"rendered":"\n<p><strong>O MINIST\u00c9RIO DA CIDADANIA APRESENTA &#8220;A GELADEIRA M\u00c1GICA&#8221; DE VOLTA AO TEATRO DA UFES<\/strong><\/p>\n\n\n\n<p>A pe\u00e7a \u00e9 apresentada pela Quebra-Cabe\u00e7a Cia de Teatro, companhia fundada por Bruna Dornellas, Murilo G\u00f3es e Wesley Telles, criada com objetivo de levar ao p\u00fablico infantil produ\u00e7\u00f5es que incentivem o seu<br>desenvolvimento criativo e imaginativo.<\/p>\n\n\n\n<p>\u00c9&nbsp;o primeiro projeto da Cia a entrar em cartaz. Resultado de uma s\u00e9rie de estudos do grupo relacionados a pr\u00e1ticas saud\u00e1veis de alimenta\u00e7\u00e3o.<\/p>\n","protected":false},"excerpt":{"rendered":"<p>O MINIST\u00c9RIO DA CIDADANIA APRESENTA &#8220;A GELADEIRA M\u00c1GICA&#8221; DE VOLTA AO TEATRO DA UFES A pe\u00e7a \u00e9 apresentada pela Quebra-Cabe\u00e7a Cia de Teatro, companhia fundada por Bruna Dornellas, Murilo G\u00f3es e Wesley Telles, criada com objetivo de levar ao p\u00fablico infantil produ\u00e7\u00f5es que incentivem o seudesenvolvimento criativo e imaginativo. \u00c9&nbsp;o primeiro projeto da Cia a [&hellip;]<\/p>\n","protected":false},"author":2,"featured_media":45658,"comment_status":"closed","ping_status":"closed","sticky":false,"template":"","format":"standard","meta":[],"categories":[157,4],"tags":[],"statusdoprojeto":[],"cidadedoespetaculo":[],"acf":[],"_links":{"self":[{"href":"https:\/\/wbproducoes.com\/en\/wp-json\/wp\/v2\/posts\/45535"}],"collection":[{"href":"https:\/\/wbproducoes.com\/en\/wp-json\/wp\/v2\/posts"}],"about":[{"href":"https:\/\/wbproducoes.com\/en\/wp-json\/wp\/v2\/types\/post"}],"author":[{"embeddable":true,"href":"https:\/\/wbproducoes.com\/en\/wp-json\/wp\/v2\/users\/2"}],"replies":[{"embeddable":true,"href":"https:\/\/wbproducoes.com\/en\/wp-json\/wp\/v2\/comments?post=45535"}],"version-history":[{"count":9,"href":"https:\/\/wbproducoes.com\/en\/wp-json\/wp\/v2\/posts\/45535\/revisions"}],"predecessor-version":[{"id":46906,"href":"https:\/\/wbproducoes.com\/en\/wp-json\/wp\/v2\/posts\/45535\/revisions\/46906"}],"wp:featuredmedia":[{"embeddable":true,"href":"https:\/\/wbproducoes.com\/en\/wp-json\/wp\/v2\/media\/45658"}],"wp:attachment":[{"href":"https:\/\/wbproducoes.com\/en\/wp-json\/wp\/v2\/media?parent=45535"}],"wp:term":[{"taxonomy":"category","embeddable":true,"href":"https:\/\/wbproducoes.com\/en\/wp-json\/wp\/v2\/categories?post=45535"},{"taxonomy":"post_tag","embeddable":true,"href":"https:\/\/wbproducoes.com\/en\/wp-json\/wp\/v2\/tags?post=45535"},{"taxonomy":"statusdoprojeto","embeddable":true,"href":"https:\/\/wbproducoes.com\/en\/wp-json\/wp\/v2\/statusdoprojeto?post=45535"},{"taxonomy":"cidadedoespetaculo","embeddable":true,"href":"https:\/\/wbproducoes.com\/en\/wp-json\/wp\/v2\/cidadedoespetaculo?post=45535"}],"curies":[{"name":"wp","href":"https:\/\/api.w.org\/{rel}","templated":true}]}}